{"id":150835,"date":"2022-06-23T05:38:00","date_gmt":"2022-06-23T09:38:00","guid":{"rendered":"https:\/\/linitiative.ca\/International\/fondation-arts-culture-by-uib-mecene-de-la-35eme-edition-du-festival-international-de-musique-symphonique-del-jem\/"},"modified":"2022-06-23T05:38:00","modified_gmt":"2022-06-23T09:38:00","slug":"fondation-arts-culture-by-uib-mecene-de-la-35eme-edition-du-festival-international-de-musique-symphonique-del-jem","status":"publish","type":"post","link":"https:\/\/linitiative.ca\/International\/fondation-arts-culture-by-uib-mecene-de-la-35eme-edition-du-festival-international-de-musique-symphonique-del-jem\/","title":{"rendered":"Fondation Arts &amp; Culture by UIB m\u00e9c\u00e8ne de la 35\u00e8me \u00e9dition du Festival international de Musique Symphonique d\u2019El Jem"},"content":{"rendered":"<div><img decoding=\"async\" src=\"https:\/\/linitiative.ca\/International\/wp-content\/uploads\/sites\/23\/2022\/06\/1655973692_article.jpg\" alt=\"Fondation Arts &amp; Culture by UIB m\u00e9c\u00e8ne la 35\u00e8me \u00e9dition du Festival international de Musique Symphonique d\u2019El Jem\" align=\"left\">M\u00e9c\u00e8ne principal du Festival International de Musique Symphonique d\u2019El Jem &#8211; depuis 2018 \u2013 la Fondation Arts &amp; Culture by UIB a co-organis\u00e9 avec la direction du Festival le mercredi 21 juin 2022, \u00e0 l\u2019h\u00f4tel Concorde sis aux berges du Lac, une conf\u00e9rence de presse qui a permis au directeur ex\u00e9cutif du Festival d\u2019El Jem, Ramzi Jenayah, d\u2019annoncer le programme et les grandes lignes de la 35\u00e8me \u00e9dition du Festival.<\/p>\n<p>Le festival dans sa 35\u00e8me \u00e9dition qui se d\u00e9roulera du 13 juillet au 13 ao\u00fbt 2022\u00e0 l&rsquo;amphith\u00e9\u00e2tre d&rsquo;El Jem proposera 9 spectacles issus d\u2019Autriche,Italie, Tunisie et Allemagne \u00e0 savoir :<br \/>\n12 Juillet 2021<br \/>\nL\u2019orchestre symphonique Tunisien<br \/>\n16 Juillet &#8230;<\/p>\n<\/div>\n<p>Auteur:<br \/>\n<a href=\"https:\/\/www.leaders.com.tn\/article\/33522-fondation-arts-culture-by-uib-mecene-la-35eme-edition-du-festival-international-de-musique-symphonique-d-el-jem\">Cliquez ici pour lire l&rsquo;article depuis sa source.<\/a><\/p>\n","protected":false},"excerpt":{"rendered":"<p>M\u00e9c\u00e8ne principal du Festival International de Musique Symphonique d\u2019El Jem &#8211; depuis 2018 \u2013 la Fondation Arts &amp; Culture by UIB a co-organis\u00e9 avec la direction du Festival le mercredi 21 juin 2022, \u00e0 l\u2019h\u00f4tel Concorde sis aux berges du Lac, une conf\u00e9rence de presse qui a permis au directeur ex\u00e9cutif du Festival d\u2019El Jem, [&hellip;]<\/p>\n","protected":false},"author":1772,"featured_media":0,"comment_status":"closed","ping_status":"closed","sticky":false,"template":"","format":"standard","meta":{"fifu_image_url":"http:\/\/www.leaders.com.tn\/uploads\/content\/thumbnails_small\/1655973692_article.jpg","fifu_image_alt":"<div>Fondation Arts & Culture by UIB m\u00e9c\u00e8ne de la 35\u00e8me \u00e9dition du Festival international de Musique Symphonique d\u2019El Jem<\/div>","footnotes":""},"categories":[73,55],"tags":[],"class_list":["post-150835","post","type-post","status-publish","format-standard","hentry","category-actualite","category-tunisie"],"_links":{"self":[{"href":"https:\/\/linitiative.ca\/International\/wp-json\/wp\/v2\/posts\/150835","targetHints":{"allow":["GET"]}}],"collection":[{"href":"https:\/\/linitiative.ca\/International\/wp-json\/wp\/v2\/posts"}],"about":[{"href":"https:\/\/linitiative.ca\/International\/wp-json\/wp\/v2\/types\/post"}],"author":[{"embeddable":true,"href":"https:\/\/linitiative.ca\/International\/wp-json\/wp\/v2\/users\/1772"}],"replies":[{"embeddable":true,"href":"https:\/\/linitiative.ca\/International\/wp-json\/wp\/v2\/comments?post=150835"}],"version-history":[{"count":0,"href":"https:\/\/linitiative.ca\/International\/wp-json\/wp\/v2\/posts\/150835\/revisions"}],"wp:attachment":[{"href":"https:\/\/linitiative.ca\/International\/wp-json\/wp\/v2\/media?parent=150835"}],"wp:term":[{"taxonomy":"category","embeddable":true,"href":"https:\/\/linitiative.ca\/International\/wp-json\/wp\/v2\/categories?post=150835"},{"taxonomy":"post_tag","embeddable":true,"href":"https:\/\/linitiative.ca\/International\/wp-json\/wp\/v2\/tags?post=150835"}],"curies":[{"name":"wp","href":"https:\/\/api.w.org\/{rel}","templated":true}]}}