{"id":150839,"date":"2022-06-23T07:23:00","date_gmt":"2022-06-23T11:23:00","guid":{"rendered":"https:\/\/linitiative.ca\/International\/comment-tirer-enseignement-de-lexperience-de-largentine-en-transition-democratique-album-photos\/"},"modified":"2022-06-23T07:23:00","modified_gmt":"2022-06-23T11:23:00","slug":"comment-tirer-enseignement-de-lexperience-de-largentine-en-transition-democratique-album-photos","status":"publish","type":"post","link":"https:\/\/linitiative.ca\/International\/comment-tirer-enseignement-de-lexperience-de-largentine-en-transition-democratique-album-photos\/","title":{"rendered":"Comment tirer enseignement de l\u2019exp\u00e9rience de l\u2019Argentine en transition d\u00e9mocratique (Album photos)"},"content":{"rendered":"<div><img decoding=\"async\" src=\"https:\/\/linitiative.ca\/International\/wp-content\/uploads\/sites\/23\/2022\/06\/1655979789_article.jpg\" alt=\"Tunisie - Argentine\" align=\"left\">Entre sp\u00e9cificit\u00e9s propres \u00e0 chaque pays, et contextes historiques diff\u00e9rents, il \u00e9tait important pour les chercheurs d\u2019examiner ce qui est commun et ce qui pourrait \u00e9clairer l\u2019avenir. Tel \u00e9tait l\u2019objectif du s\u00e9minaire acad\u00e9mique intitul\u00e9 \u00ab\u00a0Les d\u00e9fis de la transition d\u00e9mocratique, \u00e9changes sur les exp\u00e9riences tunisiennes et argentines\u00a0\u00bb qui s\u2019est tenu mercredi 22 juin 2020 \u00e0 la Cit\u00e9 de la Culture Chedli Kilibi \u00e0 Tunis. Organis\u00e9 par Leaders et l\u2019ambassade d\u2019Argentine, il a r\u00e9uni sur le podium trois universitaires de renom\u00a0: la professeure Marina Franco, historienne, sp\u00e9cialiste en histoire du temps pr\u00e9sent, l&rsquo;histoire de la m\u00e9moire et l\u2019histoire de la &#8230;<\/p>\n<\/div>\n<p>Auteur:<br \/>\n<a href=\"https:\/\/www.leaders.com.tn\/article\/33523-comment-tirer-enseignement-de-l-experience-de-l-argentine-en-transition-democratique-album-photos\">Cliquez ici pour lire l&rsquo;article depuis sa source.<\/a><\/p>\n","protected":false},"excerpt":{"rendered":"<p>Entre sp\u00e9cificit\u00e9s propres \u00e0 chaque pays, et contextes historiques diff\u00e9rents, il \u00e9tait important pour les chercheurs d\u2019examiner ce qui est commun et ce qui pourrait \u00e9clairer l\u2019avenir. Tel \u00e9tait l\u2019objectif du s\u00e9minaire acad\u00e9mique intitul\u00e9 \u00ab\u00a0Les d\u00e9fis de la transition d\u00e9mocratique, \u00e9changes sur les exp\u00e9riences tunisiennes et argentines\u00a0\u00bb qui s\u2019est tenu mercredi 22 juin 2020 \u00e0 [&hellip;]<\/p>\n","protected":false},"author":1772,"featured_media":0,"comment_status":"closed","ping_status":"closed","sticky":false,"template":"","format":"standard","meta":{"fifu_image_url":"http:\/\/www.leaders.com.tn\/uploads\/content\/thumbnails_small\/1655979789_article.jpg","fifu_image_alt":"Comment tirer enseignement de l\u2019exp\u00e9rience de l\u2019Argentine en transition d\u00e9mocratique (Album photos)","footnotes":""},"categories":[73,55],"tags":[],"class_list":["post-150839","post","type-post","status-publish","format-standard","hentry","category-actualite","category-tunisie"],"_links":{"self":[{"href":"https:\/\/linitiative.ca\/International\/wp-json\/wp\/v2\/posts\/150839","targetHints":{"allow":["GET"]}}],"collection":[{"href":"https:\/\/linitiative.ca\/International\/wp-json\/wp\/v2\/posts"}],"about":[{"href":"https:\/\/linitiative.ca\/International\/wp-json\/wp\/v2\/types\/post"}],"author":[{"embeddable":true,"href":"https:\/\/linitiative.ca\/International\/wp-json\/wp\/v2\/users\/1772"}],"replies":[{"embeddable":true,"href":"https:\/\/linitiative.ca\/International\/wp-json\/wp\/v2\/comments?post=150839"}],"version-history":[{"count":0,"href":"https:\/\/linitiative.ca\/International\/wp-json\/wp\/v2\/posts\/150839\/revisions"}],"wp:attachment":[{"href":"https:\/\/linitiative.ca\/International\/wp-json\/wp\/v2\/media?parent=150839"}],"wp:term":[{"taxonomy":"category","embeddable":true,"href":"https:\/\/linitiative.ca\/International\/wp-json\/wp\/v2\/categories?post=150839"},{"taxonomy":"post_tag","embeddable":true,"href":"https:\/\/linitiative.ca\/International\/wp-json\/wp\/v2\/tags?post=150839"}],"curies":[{"name":"wp","href":"https:\/\/api.w.org\/{rel}","templated":true}]}}