{"id":150845,"date":"2022-06-23T09:30:31","date_gmt":"2022-06-23T13:30:31","guid":{"rendered":"https:\/\/linitiative.ca\/International\/letat-durgence-sanitaire-est-prolonge-jusquau-31-juillet-2022\/"},"modified":"2022-06-23T09:30:31","modified_gmt":"2022-06-23T13:30:31","slug":"letat-durgence-sanitaire-est-prolonge-jusquau-31-juillet-2022","status":"publish","type":"post","link":"https:\/\/linitiative.ca\/International\/letat-durgence-sanitaire-est-prolonge-jusquau-31-juillet-2022\/","title":{"rendered":"L\u2019\u00e9tat d\u2019urgence sanitaire est prolong\u00e9 jusqu\u2019au 31 juillet 2022"},"content":{"rendered":"<div><img decoding=\"async\" width=\"750\" height=\"490\" src=\"https:\/\/linitiative.ca\/International\/wp-content\/uploads\/sites\/23\/2022\/06\/Surete-nationale-750x490-1.jpg\" class=\"attachment-post-thumbnail size-post-thumbnail wp-post-image\" alt=\"\" loading=\"lazy\" srcset=\"https:\/\/linitiative.ca\/International\/wp-content\/uploads\/sites\/23\/2022\/06\/Surete-nationale-750x490-1.jpg 750w, https:\/\/www.challenge.ma\/wp-content\/uploads\/2022\/06\/Surete-nationale-750x490-1-300x196.jpg 300w, https:\/\/www.challenge.ma\/wp-content\/uploads\/2022\/06\/Surete-nationale-750x490-1-360x235.jpg 360w\" sizes=\"auto, (max-width: 750px) 100vw, 750px\" itemprop=\"image\">R\u00e9uni ce jeudi 23 juin \u00e0 Rabat, Le Conseil du gouvernement a d\u00e9cid\u00e9 de prolonger l\u2019\u00e9tat d\u2019urgence sanitaire sur l\u2019ensemble du territoire national jusqu\u2019au 31 juillet 2022. L\u2019objectif, \u00e9tant de poursuivre les efforts d\u00e9ploy\u00e9s afin de lutter contre la pand\u00e9mie de la Covid-19. Dans cette optique, le projet de d\u00e9cret<\/div>\n<p>Auteur: David J\u00e9r\u00e9mie<br \/>\n<a href=\"https:\/\/www.challenge.ma\/letat-durgence-sanitaire-est-prolonge-jusquau-31-juillet-2022-241278\/\">Cliquez ici pour lire l&rsquo;article depuis sa source.<\/a><\/p>\n","protected":false},"excerpt":{"rendered":"<p>R\u00e9uni ce jeudi 23 juin \u00e0 Rabat, Le Conseil du gouvernement a d\u00e9cid\u00e9 de prolonger l\u2019\u00e9tat d\u2019urgence sanitaire sur l\u2019ensemble du territoire national jusqu\u2019au 31 juillet 2022. L\u2019objectif, \u00e9tant de poursuivre les efforts d\u00e9ploy\u00e9s afin de lutter contre la pand\u00e9mie de la Covid-19. Dans cette optique, le projet de d\u00e9cret Auteur: David J\u00e9r\u00e9mie Cliquez ici [&hellip;]<\/p>\n","protected":false},"author":1787,"featured_media":0,"comment_status":"closed","ping_status":"closed","sticky":false,"template":"","format":"standard","meta":{"fifu_image_url":"https:\/\/www.challenge.ma\/wp-content\/uploads\/2022\/06\/Surete-nationale-750x490-1.jpg","fifu_image_alt":"L\u2019\u00e9tat d\u2019urgence sanitaire est prolong\u00e9 jusqu\u2019au 31 juillet 2022","footnotes":""},"categories":[78,54],"tags":[],"class_list":["post-150845","post","type-post","status-publish","format-standard","hentry","category-economie","category-maroc"],"_links":{"self":[{"href":"https:\/\/linitiative.ca\/International\/wp-json\/wp\/v2\/posts\/150845","targetHints":{"allow":["GET"]}}],"collection":[{"href":"https:\/\/linitiative.ca\/International\/wp-json\/wp\/v2\/posts"}],"about":[{"href":"https:\/\/linitiative.ca\/International\/wp-json\/wp\/v2\/types\/post"}],"author":[{"embeddable":true,"href":"https:\/\/linitiative.ca\/International\/wp-json\/wp\/v2\/users\/1787"}],"replies":[{"embeddable":true,"href":"https:\/\/linitiative.ca\/International\/wp-json\/wp\/v2\/comments?post=150845"}],"version-history":[{"count":0,"href":"https:\/\/linitiative.ca\/International\/wp-json\/wp\/v2\/posts\/150845\/revisions"}],"wp:attachment":[{"href":"https:\/\/linitiative.ca\/International\/wp-json\/wp\/v2\/media?parent=150845"}],"wp:term":[{"taxonomy":"category","embeddable":true,"href":"https:\/\/linitiative.ca\/International\/wp-json\/wp\/v2\/categories?post=150845"},{"taxonomy":"post_tag","embeddable":true,"href":"https:\/\/linitiative.ca\/International\/wp-json\/wp\/v2\/tags?post=150845"}],"curies":[{"name":"wp","href":"https:\/\/api.w.org\/{rel}","templated":true}]}}