{"id":150853,"date":"2022-06-23T16:22:14","date_gmt":"2022-06-23T20:22:14","guid":{"rendered":"https:\/\/linitiative.ca\/International\/tunisie-ghardimaou-une-bergere-meurt-sous-les-roues-dun-train\/"},"modified":"2022-06-23T16:22:14","modified_gmt":"2022-06-23T20:22:14","slug":"tunisie-ghardimaou-une-bergere-meurt-sous-les-roues-dun-train","status":"publish","type":"post","link":"https:\/\/linitiative.ca\/International\/tunisie-ghardimaou-une-bergere-meurt-sous-les-roues-dun-train\/","title":{"rendered":"Tunisie \u2013 Ghardimaou\u00a0: Une berg\u00e8re meurt sous les roues d\u2019un train"},"content":{"rendered":"<div>\n<p>Une femme de 65 ans est d\u00e9c\u00e9d\u00e9e, ce matin, sous les roues d\u2019un train au niveau de Ghardimaou. Elle \u00e9tait en train de faire pa\u00eetre ses brebis quand elle a \u00e9t\u00e9 percut\u00e9e par le train. L\u2019accident a, par ailleurs, caus\u00e9 la mort de six brebis.<\/p>\n<p>L\u2019article <a href=\"https:\/\/www.tunisienumerique.com\/tunisie-ghardimaou-une-bergere-meurt-sous-les-roues-dun-train\/\">Tunisie \u2013 Ghardimaou\u00a0: Une berg\u00e8re meurt sous les roues d\u2019un train<\/a> est apparu en premier sur <a href=\"http:\/\/www.tunisienumerique.com\/\">Tunisie<\/a>.<\/p>\n<\/div>\n<p>Auteur: LM<br \/>\n<a href=\"https:\/\/www.tunisienumerique.com\/tunisie-ghardimaou-une-bergere-meurt-sous-les-roues-dun-train\/\">Cliquez ici pour lire l&rsquo;article depuis sa source.<\/a><\/p>\n","protected":false},"excerpt":{"rendered":"<p>Une femme de 65 ans est d\u00e9c\u00e9d\u00e9e, ce matin, sous les roues d\u2019un train au niveau de Ghardimaou. Elle \u00e9tait en train de faire pa\u00eetre ses brebis quand elle a \u00e9t\u00e9 percut\u00e9e par le train. L\u2019accident a, par ailleurs, caus\u00e9 la mort de six brebis. L\u2019article Tunisie \u2013 Ghardimaou\u00a0: Une berg\u00e8re meurt sous les roues [&hellip;]<\/p>\n","protected":false},"author":1789,"featured_media":0,"comment_status":"closed","ping_status":"closed","sticky":false,"template":"","format":"standard","meta":{"fifu_image_url":"","fifu_image_alt":"","footnotes":""},"categories":[73,55],"tags":[],"class_list":["post-150853","post","type-post","status-publish","format-standard","hentry","category-actualite","category-tunisie"],"_links":{"self":[{"href":"https:\/\/linitiative.ca\/International\/wp-json\/wp\/v2\/posts\/150853","targetHints":{"allow":["GET"]}}],"collection":[{"href":"https:\/\/linitiative.ca\/International\/wp-json\/wp\/v2\/posts"}],"about":[{"href":"https:\/\/linitiative.ca\/International\/wp-json\/wp\/v2\/types\/post"}],"author":[{"embeddable":true,"href":"https:\/\/linitiative.ca\/International\/wp-json\/wp\/v2\/users\/1789"}],"replies":[{"embeddable":true,"href":"https:\/\/linitiative.ca\/International\/wp-json\/wp\/v2\/comments?post=150853"}],"version-history":[{"count":0,"href":"https:\/\/linitiative.ca\/International\/wp-json\/wp\/v2\/posts\/150853\/revisions"}],"wp:attachment":[{"href":"https:\/\/linitiative.ca\/International\/wp-json\/wp\/v2\/media?parent=150853"}],"wp:term":[{"taxonomy":"category","embeddable":true,"href":"https:\/\/linitiative.ca\/International\/wp-json\/wp\/v2\/categories?post=150853"},{"taxonomy":"post_tag","embeddable":true,"href":"https:\/\/linitiative.ca\/International\/wp-json\/wp\/v2\/tags?post=150853"}],"curies":[{"name":"wp","href":"https:\/\/api.w.org\/{rel}","templated":true}]}}