{"id":150854,"date":"2022-06-23T16:50:53","date_gmt":"2022-06-23T20:50:53","guid":{"rendered":"https:\/\/linitiative.ca\/International\/farouk-bouaskar-lisie-est-fin-prete-pour-les-joutes-electorales\/"},"modified":"2022-06-23T16:50:53","modified_gmt":"2022-06-23T20:50:53","slug":"farouk-bouaskar-lisie-est-fin-prete-pour-les-joutes-electorales","status":"publish","type":"post","link":"https:\/\/linitiative.ca\/International\/farouk-bouaskar-lisie-est-fin-prete-pour-les-joutes-electorales\/","title":{"rendered":"Farouk Bouaskar :l\u2019ISIE est fin pr\u00eate pour les  joutes \u00e9lectorales"},"content":{"rendered":"<div>\n<p>Le pr\u00e9sident de l\u2019ISIE Farouk\u00a0 Bouaskar a mis en valeur\u00a0 aujourd\u2019hui\u00a0 jeudi 23 juin 2022 , les\u00a0 efforts d\u00e9ploy\u00e9s par l\u2019instance supr\u00eame\u00a0 pour r\u00e9ussir les rendez vous \u00e9lectoraux .C\u2019\u00e9tait \u00e0 l\u2019occasion de l\u2019entrevue accord\u00e9e \u00e0 une d\u00e9l\u00e9gation de la coalition \u201d la r\u00e9sistance \u201c,conduite par son coordinateur g\u00e9n\u00e9ral Houssem Hammi .Au cours de l\u2019entrevue ,la [\u2026]<\/p>\n<p>L\u2019article <a href=\"https:\/\/www.tunisienumerique.com\/farouk-bouaskar-lisie-est-fin-prete-pour-les-joutes-electorales\/\">Farouk Bouaskar :l\u2019ISIE est fin pr\u00eate pour les  joutes \u00e9lectorales<\/a> est apparu en premier sur <a href=\"http:\/\/www.tunisienumerique.com\/\">Tunisie<\/a>.<\/p>\n<\/div>\n<p>Auteur: Hafedh Trabelsi<br \/>\n<a href=\"https:\/\/www.tunisienumerique.com\/farouk-bouaskar-lisie-est-fin-prete-pour-les-joutes-electorales\/\">Cliquez ici pour lire l&rsquo;article depuis sa source.<\/a><\/p>\n","protected":false},"excerpt":{"rendered":"<p>Le pr\u00e9sident de l\u2019ISIE Farouk\u00a0 Bouaskar a mis en valeur\u00a0 aujourd\u2019hui\u00a0 jeudi 23 juin 2022 , les\u00a0 efforts d\u00e9ploy\u00e9s par l\u2019instance supr\u00eame\u00a0 pour r\u00e9ussir les rendez vous \u00e9lectoraux .C\u2019\u00e9tait \u00e0 l\u2019occasion de l\u2019entrevue accord\u00e9e \u00e0 une d\u00e9l\u00e9gation de la coalition \u201d la r\u00e9sistance \u201c,conduite par son coordinateur g\u00e9n\u00e9ral Houssem Hammi .Au cours de l\u2019entrevue ,la [&hellip;]<\/p>\n","protected":false},"author":1789,"featured_media":0,"comment_status":"closed","ping_status":"closed","sticky":false,"template":"","format":"standard","meta":{"fifu_image_url":"","fifu_image_alt":"","footnotes":""},"categories":[73,55],"tags":[],"class_list":["post-150854","post","type-post","status-publish","format-standard","hentry","category-actualite","category-tunisie"],"_links":{"self":[{"href":"https:\/\/linitiative.ca\/International\/wp-json\/wp\/v2\/posts\/150854","targetHints":{"allow":["GET"]}}],"collection":[{"href":"https:\/\/linitiative.ca\/International\/wp-json\/wp\/v2\/posts"}],"about":[{"href":"https:\/\/linitiative.ca\/International\/wp-json\/wp\/v2\/types\/post"}],"author":[{"embeddable":true,"href":"https:\/\/linitiative.ca\/International\/wp-json\/wp\/v2\/users\/1789"}],"replies":[{"embeddable":true,"href":"https:\/\/linitiative.ca\/International\/wp-json\/wp\/v2\/comments?post=150854"}],"version-history":[{"count":0,"href":"https:\/\/linitiative.ca\/International\/wp-json\/wp\/v2\/posts\/150854\/revisions"}],"wp:attachment":[{"href":"https:\/\/linitiative.ca\/International\/wp-json\/wp\/v2\/media?parent=150854"}],"wp:term":[{"taxonomy":"category","embeddable":true,"href":"https:\/\/linitiative.ca\/International\/wp-json\/wp\/v2\/categories?post=150854"},{"taxonomy":"post_tag","embeddable":true,"href":"https:\/\/linitiative.ca\/International\/wp-json\/wp\/v2\/tags?post=150854"}],"curies":[{"name":"wp","href":"https:\/\/api.w.org\/{rel}","templated":true}]}}