{"id":150860,"date":"2022-06-23T15:54:03","date_gmt":"2022-06-23T19:54:03","guid":{"rendered":"https:\/\/linitiative.ca\/International\/eligibilite-des-militaires-au-terme-de-la-transition-a-bamako-le-colonel-goita-est-il-en-train-de-creuser-la-tombe-du-mali\/"},"modified":"2022-06-23T15:54:03","modified_gmt":"2022-06-23T19:54:03","slug":"eligibilite-des-militaires-au-terme-de-la-transition-a-bamako-le-colonel-goita-est-il-en-train-de-creuser-la-tombe-du-mali","status":"publish","type":"post","link":"https:\/\/linitiative.ca\/International\/eligibilite-des-militaires-au-terme-de-la-transition-a-bamako-le-colonel-goita-est-il-en-train-de-creuser-la-tombe-du-mali\/","title":{"rendered":"ELIGIBILITE DES MILITAIRES AU TERME DE LA TRANSITION A BAMAKO  \u00a0: Le colonel Go\u00efta est-il en train de creuser la tombe du Mali\u00a0?"},"content":{"rendered":"<div>\n<p><img decoding=\"async\" width=\"1250\" height=\"625\" src=\"https:\/\/linitiative.ca\/International\/wp-content\/uploads\/sites\/23\/2022\/06\/GOITA.jpg\" class=\"attachment- size- wp-post-image\" alt=\"\" loading=\"lazy\" style=\"float:left; margin:0 15px 15px 0;\" srcset=\"https:\/\/linitiative.ca\/International\/wp-content\/uploads\/sites\/23\/2022\/06\/GOITA.jpg 1250w, https:\/\/lepays.bf\/wp-content\/uploads\/2022\/06\/GOITA-300x150.jpg 300w, https:\/\/lepays.bf\/wp-content\/uploads\/2022\/06\/GOITA-1024x512.jpg 1024w, https:\/\/lepays.bf\/wp-content\/uploads\/2022\/06\/GOITA-150x75.jpg 150w, https:\/\/lepays.bf\/wp-content\/uploads\/2022\/06\/GOITA-768x384.jpg 768w, https:\/\/lepays.bf\/wp-content\/uploads\/2022\/06\/GOITA-1100x550.jpg 1100w\" sizes=\"auto, (max-width: 1250px) 100vw, 1250px\">Au moment o\u00f9 se dessine le chronogramme de retour \u00e0 l\u2019ordre constitutionnel normal sur les rives du Djoliba, c\u2019est un v\u00e9ritable pav\u00e9 que la soci\u00e9t\u00e9 civile a jet\u00e9 dans la mare, alors que toute l\u2019attention des acteurs \u00e9tait port\u00e9e sur les divergences entre le gouvernement [\u2026]<\/p>\n<p>L\u2019article <a rel=\"nofollow\" href=\"https:\/\/lepays.bf\/eligibilite-des-militaires-au-terme-de-la-transition-a-bamako-le-colonel-goita-est-il-en-train-de-creuser-la-tombe-du-mali\/\">ELIGIBILITE DES MILITAIRES AU TERME DE LA TRANSITION A BAMAKO  \u00a0: Le colonel Go\u00efta est-il en train de creuser la tombe du Mali\u00a0?<\/a> est apparu en premier sur <a rel=\"nofollow\" href=\"https:\/\/lepays.bf\/\">Editions Le Pays<\/a>.<\/p>\n<\/div>\n<p>Auteur: Editions LEPAYS<br \/>\n<a href=\"https:\/\/lepays.bf\/eligibilite-des-militaires-au-terme-de-la-transition-a-bamako-le-colonel-goita-est-il-en-train-de-creuser-la-tombe-du-mali\/\">Cliquez ici pour lire l&rsquo;article depuis sa source.<\/a><\/p>\n","protected":false},"excerpt":{"rendered":"<p>Au moment o\u00f9 se dessine le chronogramme de retour \u00e0 l\u2019ordre constitutionnel normal sur les rives du Djoliba, c\u2019est un v\u00e9ritable pav\u00e9 que la soci\u00e9t\u00e9 civile a jet\u00e9 dans la mare, alors que toute l\u2019attention des acteurs \u00e9tait port\u00e9e sur les divergences entre le gouvernement [\u2026] L\u2019article ELIGIBILITE DES MILITAIRES AU TERME DE LA TRANSITION [&hellip;]<\/p>\n","protected":false},"author":1813,"featured_media":0,"comment_status":"closed","ping_status":"closed","sticky":false,"template":"","format":"standard","meta":{"fifu_image_url":"https:\/\/lepays.bf\/wp-content\/uploads\/2022\/06\/GOITA.jpg","fifu_image_alt":"ELIGIBILITE DES MILITAIRES AU TERME DE LA TRANSITION A BAMAKO  \u00a0: Le colonel Go\u00efta est-il en train de creuser la tombe du Mali\u00a0?","footnotes":""},"categories":[73,81],"tags":[],"class_list":["post-150860","post","type-post","status-publish","format-standard","hentry","category-actualite","category-burkina-faso"],"_links":{"self":[{"href":"https:\/\/linitiative.ca\/International\/wp-json\/wp\/v2\/posts\/150860","targetHints":{"allow":["GET"]}}],"collection":[{"href":"https:\/\/linitiative.ca\/International\/wp-json\/wp\/v2\/posts"}],"about":[{"href":"https:\/\/linitiative.ca\/International\/wp-json\/wp\/v2\/types\/post"}],"author":[{"embeddable":true,"href":"https:\/\/linitiative.ca\/International\/wp-json\/wp\/v2\/users\/1813"}],"replies":[{"embeddable":true,"href":"https:\/\/linitiative.ca\/International\/wp-json\/wp\/v2\/comments?post=150860"}],"version-history":[{"count":0,"href":"https:\/\/linitiative.ca\/International\/wp-json\/wp\/v2\/posts\/150860\/revisions"}],"wp:attachment":[{"href":"https:\/\/linitiative.ca\/International\/wp-json\/wp\/v2\/media?parent=150860"}],"wp:term":[{"taxonomy":"category","embeddable":true,"href":"https:\/\/linitiative.ca\/International\/wp-json\/wp\/v2\/categories?post=150860"},{"taxonomy":"post_tag","embeddable":true,"href":"https:\/\/linitiative.ca\/International\/wp-json\/wp\/v2\/tags?post=150860"}],"curies":[{"name":"wp","href":"https:\/\/api.w.org\/{rel}","templated":true}]}}