{"id":150862,"date":"2022-06-23T15:58:49","date_gmt":"2022-06-23T19:58:49","guid":{"rendered":"https:\/\/linitiative.ca\/International\/acquittement-en-appel-de-vital-kamerhe-le-patron-de-lunc-pourra-t-il-rebondir-politiquement\/"},"modified":"2022-06-23T15:58:49","modified_gmt":"2022-06-23T19:58:49","slug":"acquittement-en-appel-de-vital-kamerhe-le-patron-de-lunc-pourra-t-il-rebondir-politiquement","status":"publish","type":"post","link":"https:\/\/linitiative.ca\/International\/acquittement-en-appel-de-vital-kamerhe-le-patron-de-lunc-pourra-t-il-rebondir-politiquement\/","title":{"rendered":"ACQUITTEMENT EN APPEL DE VITAL KAMERHE : Le patron de l\u2019UNC pourra-t-il rebondir politiquement\u00a0?"},"content":{"rendered":"<div>\n<p><img decoding=\"async\" width=\"1256\" height=\"628\" src=\"https:\/\/linitiative.ca\/International\/wp-content\/uploads\/sites\/23\/2022\/06\/KAMHERE.jpg\" class=\"attachment- size- wp-post-image\" alt=\"\" loading=\"lazy\" style=\"float:left; margin:0 15px 15px 0;\" srcset=\"https:\/\/linitiative.ca\/International\/wp-content\/uploads\/sites\/23\/2022\/06\/KAMHERE.jpg 1256w, https:\/\/lepays.bf\/wp-content\/uploads\/2022\/06\/KAMHERE-300x150.jpg 300w, https:\/\/lepays.bf\/wp-content\/uploads\/2022\/06\/KAMHERE-1024x512.jpg 1024w, https:\/\/lepays.bf\/wp-content\/uploads\/2022\/06\/KAMHERE-150x75.jpg 150w, https:\/\/lepays.bf\/wp-content\/uploads\/2022\/06\/KAMHERE-768x384.jpg 768w, https:\/\/lepays.bf\/wp-content\/uploads\/2022\/06\/KAMHERE-1100x550.jpg 1100w\" sizes=\"auto, (max-width: 1256px) 100vw, 1256px\">L\u2019affaire, on s\u2019en souvient, avait fait grand bruit. Il s\u2019agit de la condamnation de l\u2019ex-directeur de cabinet du pr\u00e9sident congolais, Vital Kamerhe. En effet, accus\u00e9 d\u2019avoir d\u00e9tourn\u00e9 des fonds destin\u00e9s au projet des \u00ab\u00a0cent jours\u00a0\u00bb du pr\u00e9sident F\u00e9lix Tshis\u00e9k\u00e9di, le patron de l\u2019Union pour la [\u2026]<\/p>\n<p>L\u2019article <a rel=\"nofollow\" href=\"https:\/\/lepays.bf\/acquittement-en-appel-de-vital-kamerhe-le-patron-de-lunc-pourra-t-il-rebondir-politiquement\/\">ACQUITTEMENT EN APPEL DE VITAL KAMERHE : Le patron de l\u2019UNC pourra-t-il rebondir politiquement\u00a0?<\/a> est apparu en premier sur <a rel=\"nofollow\" href=\"https:\/\/lepays.bf\/\">Editions Le Pays<\/a>.<\/p>\n<\/div>\n<p>Auteur: Editions LEPAYS<br \/>\n<a href=\"https:\/\/lepays.bf\/acquittement-en-appel-de-vital-kamerhe-le-patron-de-lunc-pourra-t-il-rebondir-politiquement\/\">Cliquez ici pour lire l&rsquo;article depuis sa source.<\/a><\/p>\n","protected":false},"excerpt":{"rendered":"<p>L\u2019affaire, on s\u2019en souvient, avait fait grand bruit. Il s\u2019agit de la condamnation de l\u2019ex-directeur de cabinet du pr\u00e9sident congolais, Vital Kamerhe. En effet, accus\u00e9 d\u2019avoir d\u00e9tourn\u00e9 des fonds destin\u00e9s au projet des \u00ab\u00a0cent jours\u00a0\u00bb du pr\u00e9sident F\u00e9lix Tshis\u00e9k\u00e9di, le patron de l\u2019Union pour la [\u2026] L\u2019article ACQUITTEMENT EN APPEL DE VITAL KAMERHE : Le [&hellip;]<\/p>\n","protected":false},"author":1813,"featured_media":0,"comment_status":"closed","ping_status":"closed","sticky":false,"template":"","format":"standard","meta":{"fifu_image_url":"https:\/\/lepays.bf\/wp-content\/uploads\/2022\/06\/KAMHERE.jpg","fifu_image_alt":"ACQUITTEMENT EN APPEL DE VITAL KAMERHE : Le patron de l\u2019UNC pourra-t-il rebondir politiquement\u00a0?","footnotes":""},"categories":[73,81],"tags":[],"class_list":["post-150862","post","type-post","status-publish","format-standard","hentry","category-actualite","category-burkina-faso"],"_links":{"self":[{"href":"https:\/\/linitiative.ca\/International\/wp-json\/wp\/v2\/posts\/150862","targetHints":{"allow":["GET"]}}],"collection":[{"href":"https:\/\/linitiative.ca\/International\/wp-json\/wp\/v2\/posts"}],"about":[{"href":"https:\/\/linitiative.ca\/International\/wp-json\/wp\/v2\/types\/post"}],"author":[{"embeddable":true,"href":"https:\/\/linitiative.ca\/International\/wp-json\/wp\/v2\/users\/1813"}],"replies":[{"embeddable":true,"href":"https:\/\/linitiative.ca\/International\/wp-json\/wp\/v2\/comments?post=150862"}],"version-history":[{"count":0,"href":"https:\/\/linitiative.ca\/International\/wp-json\/wp\/v2\/posts\/150862\/revisions"}],"wp:attachment":[{"href":"https:\/\/linitiative.ca\/International\/wp-json\/wp\/v2\/media?parent=150862"}],"wp:term":[{"taxonomy":"category","embeddable":true,"href":"https:\/\/linitiative.ca\/International\/wp-json\/wp\/v2\/categories?post=150862"},{"taxonomy":"post_tag","embeddable":true,"href":"https:\/\/linitiative.ca\/International\/wp-json\/wp\/v2\/tags?post=150862"}],"curies":[{"name":"wp","href":"https:\/\/api.w.org\/{rel}","templated":true}]}}