{"id":150868,"date":"2022-06-23T11:35:55","date_gmt":"2022-06-23T15:35:55","guid":{"rendered":"https:\/\/linitiative.ca\/International\/12e-conference-ministerielle-de-lomc-des-accords-inedits-appeles-resultats-de-geneve-mais-pas-daccord-sur-le-commerce-du-coton\/"},"modified":"2022-06-23T11:35:55","modified_gmt":"2022-06-23T15:35:55","slug":"12e-conference-ministerielle-de-lomc-des-accords-inedits-appeles-resultats-de-geneve-mais-pas-daccord-sur-le-commerce-du-coton","status":"publish","type":"post","link":"https:\/\/linitiative.ca\/International\/12e-conference-ministerielle-de-lomc-des-accords-inedits-appeles-resultats-de-geneve-mais-pas-daccord-sur-le-commerce-du-coton\/","title":{"rendered":"12e conf\u00e9rence minist\u00e9rielle de l\u2019OMC\u00a0: Des accords in\u00e9dits appel\u00e9s r\u00e9sultats de Gen\u00e8ve mais pas d\u2019accord sur le commerce du coton"},"content":{"rendered":"<div>\n<p><strong>\u00a0<\/strong>A l\u2019issue de n\u00e9gociations ininterrompues entre les d\u00e9l\u00e9gations et de reports successifs, la 12<sup>\u00e8me<\/sup> Conf\u00e9rence minist\u00e9rielle de l\u2019OMC a vu la cl\u00f4ture de ses travaux, le vendredi 17 juin 2022. \u00a0L\u2019Organisation et ses acteurs se f\u00e9licitent d\u2019un ensemble d\u2019accords et de d\u00e9cisions in\u00e9dits \u00ab\u00a0sans pr\u00e9c\u00e9dents \u00bb appel\u00e9s \u00ab r\u00e9sultats de Gen\u00e8ve\u00a0\u00bb. Ceux-ci concernent les subventions \u00e0 la p\u00eache, la r\u00e9ponse de l\u2019OMC aux urgences, y compris une d\u00e9rogation \u00e0 certaines exigences concernant l\u2019octroi de licences obligatoires pour les vaccins contre la COVID-19, la s\u00e9curit\u00e9 alimentaire, ainsi que la r\u00e9forme de l\u2019OMC.<\/p>\n<p>La Directrice g\u00e9n\u00e9rale de l\u2019OMC, Dr Ngozi Okonjo-Iweala a d\u00e9clar\u00e9\u00a0: \u00ab\u00a0<em>L\u2019ensemble des accords que vous avez conclus va changer la vie des populations du monde entier. Ces r\u00e9sultats d\u00e9montrent que l\u2019OMC est, de fait, capable de r\u00e9pondre aux urgences de notre \u00e9poque<\/em>\u00a0\u00bb. Et d\u2019ajouter\u00a0: \u00ab\u00a0<em>Ils prouvent au monde que les Membres de l\u2019OMC peuvent s\u2019entendre, au-del\u00e0 des clivages g\u00e9opolitiques, pour rem\u00e9dier aux probl\u00e8mes concernant le patrimoine commun de l\u2019humanit\u00e9 et pour renforcer et redynamiser cette institution. Gr\u00e2ce \u00e0 eux, nous avons bon espoir que la coop\u00e9ration strat\u00e9gique puisse coexister avec le d\u00e9veloppement de la concurrence strat\u00e9gique.\u00a0<\/em>\u00bb<\/p>\n<p>Tirant le bilan de la participation du Burkina Faso \u00e0 cette 12<sup>\u00e8me<\/sup> Conf\u00e9rence minist\u00e9rielle, le Ministre Abdoulaye TALL a dit sa satisfaction pour les accords obtenus, tout en gardant une d\u00e9ception quant \u00e0 la question du coton, une question essentielle pour un pays comme le Burkina Faso. \u00ab\u00a0<em>Malheureusement, du fait de certains blocages, les pays membres n\u2019ont pas pu trouver un accord sur l\u2019agriculture. Avouons que pour un pays comme le Burkina Faso, il n\u2019y a pas de satisfaction, du fait que cette question soit discut\u00e9e depuis bient\u00f4t vingt ans. Remarquez que des b\u00e9b\u00e9s n\u00e9s au moment o\u00f9 les discussions d\u00e9marraient, sont aujourd\u2019hui pr\u00e9sidents de groupements de producteurs de coton et il n\u2019y a toujours pas de solution.\u00a0\u00bb <\/em><\/p>\n<p>Un constat qui appelle, pour le ministre du commerce, les pays concern\u00e9s \u00e0 changer leur fusil d\u2019\u00e9paule. \u00ab\u00a0<em>Cela aussi attire l\u2019attention des gouvernants que nous sommes, sur la n\u00e9cessit\u00e9 de transformer notre coton localement afin de permettre \u00e0 nos populations de b\u00e9n\u00e9ficier d\u2019une meilleure plus-value. Mon avis, apr\u00e8s la participation \u00e0 ces rencontres, c\u2019est vraiment le meilleur moyen, pour nous, d\u2019am\u00e9liorer le revenu de nos paysans.<\/em> \u00bb, a-t-il pr\u00e9conis\u00e9.<\/p>\n<p>Le Ministre du Commerce, Abdoulaye TALL, retient cependant des motifs de satisfaction li\u00e9s aux rencontres que sa d\u00e9l\u00e9gation et lui ont eues avec certains partenaires cl\u00e9s du Burkina Faso. \u00ab\u00a0<em>En marge des travaux de la 12<sup>\u00e8me<\/sup> Conf\u00e9rence minist\u00e9rielle, nous avons rencontr\u00e9 des partenaires bilat\u00e9raux, comme le Cadre Int\u00e9gr\u00e9 Renforc\u00e9 (CIR), qui a financ\u00e9 deux projets au Burkina et qui est aussi en train de fiancer un troisi\u00e8me. Nous les avons rencontr\u00e9s pour nous assurer de leur engagement et de leur soutien, et pour les rassurer de notre disponibilit\u00e9. Nous avons \u00e9galement rencontr\u00e9 l\u2019Organisation mondiale de la Propri\u00e9t\u00e9 intellectuelle (OMPI). Elle offre des formations \u00e0 de jeunes burkinab\u00e8 sur la question de la propri\u00e9t\u00e9 intellectuelle. On a obtenu leur engagement d\u2019organiser des formations \u00e0 la carte au profit des jeunes burkinab\u00e8. Cette organisation nous avait accompagn\u00e9 dans l\u2019\u00e9laboration de la strat\u00e9gie nationale de propri\u00e9t\u00e9 intellectuelle. Elle s\u2019est engag\u00e9e \u00e0 nous appuyer pour sa mise en \u0153uvre. Nous avons \u00e9galement rencontr\u00e9 le Centre du Commerce international (CCI), qui a des projets en partenariat avec la chambre de commerce et d\u2019industrie de Bobo-Dioulasso sur les PME et nous avons obtenu l\u2019assurance de ce partenaire quant \u00e0 son accompagnement pour la r\u00e9alisation du projet. <\/em>\u00bb<\/p>\n<p><strong>\u00a0<\/strong><\/p>\n<p><strong>Ambassade, Mission Permanente du Burkina Faso \u00e0 Gen\u00e8ve<\/strong><\/p>\n<p>\u00a0<\/p>\n<\/div>\n<p>Auteur: BS. Sidwaya<br \/>\n<a href=\"https:\/\/www.sidwaya.info\/blog\/2022\/06\/23\/12e-conference-ministerielle-de-lomc-des-accords-inedits-appeles-resultats-de-geneve-mais-pas-daccord-sur-le-commerce-du-coton\/\">Cliquez ici pour lire l&rsquo;article depuis sa source.<\/a><\/p>\n","protected":false},"excerpt":{"rendered":"<p>\u00a0A l\u2019issue de n\u00e9gociations ininterrompues entre les d\u00e9l\u00e9gations et de reports successifs, la 12\u00e8me Conf\u00e9rence minist\u00e9rielle de l\u2019OMC a vu la cl\u00f4ture de ses travaux, le vendredi 17 juin 2022. \u00a0L\u2019Organisation et ses acteurs se f\u00e9licitent d\u2019un ensemble d\u2019accords et de d\u00e9cisions in\u00e9dits \u00ab\u00a0sans pr\u00e9c\u00e9dents \u00bb appel\u00e9s \u00ab r\u00e9sultats de Gen\u00e8ve\u00a0\u00bb. Ceux-ci concernent les subventions [&hellip;]<\/p>\n","protected":false},"author":1816,"featured_media":0,"comment_status":"closed","ping_status":"closed","sticky":false,"template":"","format":"standard","meta":{"fifu_image_url":"","fifu_image_alt":"","footnotes":""},"categories":[73,81],"tags":[],"class_list":["post-150868","post","type-post","status-publish","format-standard","hentry","category-actualite","category-burkina-faso"],"_links":{"self":[{"href":"https:\/\/linitiative.ca\/International\/wp-json\/wp\/v2\/posts\/150868","targetHints":{"allow":["GET"]}}],"collection":[{"href":"https:\/\/linitiative.ca\/International\/wp-json\/wp\/v2\/posts"}],"about":[{"href":"https:\/\/linitiative.ca\/International\/wp-json\/wp\/v2\/types\/post"}],"author":[{"embeddable":true,"href":"https:\/\/linitiative.ca\/International\/wp-json\/wp\/v2\/users\/1816"}],"replies":[{"embeddable":true,"href":"https:\/\/linitiative.ca\/International\/wp-json\/wp\/v2\/comments?post=150868"}],"version-history":[{"count":0,"href":"https:\/\/linitiative.ca\/International\/wp-json\/wp\/v2\/posts\/150868\/revisions"}],"wp:attachment":[{"href":"https:\/\/linitiative.ca\/International\/wp-json\/wp\/v2\/media?parent=150868"}],"wp:term":[{"taxonomy":"category","embeddable":true,"href":"https:\/\/linitiative.ca\/International\/wp-json\/wp\/v2\/categories?post=150868"},{"taxonomy":"post_tag","embeddable":true,"href":"https:\/\/linitiative.ca\/International\/wp-json\/wp\/v2\/tags?post=150868"}],"curies":[{"name":"wp","href":"https:\/\/api.w.org\/{rel}","templated":true}]}}