{"id":150871,"date":"2022-06-23T13:00:14","date_gmt":"2022-06-23T17:00:14","guid":{"rendered":"https:\/\/linitiative.ca\/International\/commonwealth-le-gabon-et-le-togo-integrent-le-commonwealth\/"},"modified":"2022-06-23T13:00:14","modified_gmt":"2022-06-23T17:00:14","slug":"commonwealth-le-gabon-et-le-togo-integrent-le-commonwealth","status":"publish","type":"post","link":"https:\/\/linitiative.ca\/International\/commonwealth-le-gabon-et-le-togo-integrent-le-commonwealth\/","title":{"rendered":"Commonwealth\u00a0: Le Gabon et le Togo int\u00e8grent le Commonwealth"},"content":{"rendered":"<div>\n<p>Demain 24 juin 2022, lors du sommet des chefs d\u2019\u00c9tat \u00e0 \u00a0Kigali au Rwanda, le Gabon et le Togo, deux anciennes colonies fran\u00e7aises, seront \u00a0officiellement membres du Commonwealth. La grande communaut\u00e9 cr\u00e9\u00e9e par la Grande-Bretagne avec \u00a0ses ex-colonies est un march\u00e9 de plus de 2,4 milliards de consommateurs. Pour le pr\u00e9sident gabonais Ali Bongo Ondimba, ce <em>\u00abtournant g\u00e9opolitique majeur\u00a0\u00bb<\/em> s\u2019explique <em>\u00ab\u00a0par la n\u00e9cessit\u00e9 d\u2019appartenir \u00e0 un autre espace multiculturel dans un monde globalis\u00e9 \u00bb<\/em>.Au Togo, l\u2019adh\u00e9sion au \u00a0Commonwealth a \u00e9t\u00e9 autoris\u00e9e par le Parlement le 22 avril dernier. <em>\u00ab Au-del\u00e0 de l\u2019ancien h\u00e9ritage politique britannique, cette adh\u00e9sion assure au Togo la reconnaissance internationale d\u2019un renouveau historico-politique\u00bb,<\/em> disent les d\u00e9put\u00e9s togolais. Pour beaucoup d\u2019observateurs, l\u2019int\u00e9gration du Gabon et du Togo au Commonwealth \u00a0signifie aussi que la France ne brille plus autant \u00a0sur le continent africain.<\/p>\n<p><strong>AK<\/strong><\/p>\n<p><strong>(Source\u00a0: Le point)<\/strong><\/p>\n<p>\u00a0<\/p>\n<\/div>\n<p>Auteur: BS. Sidwaya<br \/>\n<a href=\"https:\/\/www.sidwaya.info\/blog\/2022\/06\/23\/commonwealth-le-gabon-et-le-togo-integrent-le-commonwealth\/\">Cliquez ici pour lire l&rsquo;article depuis sa source.<\/a><\/p>\n","protected":false},"excerpt":{"rendered":"<p>Demain 24 juin 2022, lors du sommet des chefs d\u2019\u00c9tat \u00e0 \u00a0Kigali au Rwanda, le Gabon et le Togo, deux anciennes colonies fran\u00e7aises, seront \u00a0officiellement membres du Commonwealth. La grande communaut\u00e9 cr\u00e9\u00e9e par la Grande-Bretagne avec \u00a0ses ex-colonies est un march\u00e9 de plus de 2,4 milliards de consommateurs. Pour le pr\u00e9sident gabonais Ali Bongo Ondimba, [&hellip;]<\/p>\n","protected":false},"author":1816,"featured_media":0,"comment_status":"closed","ping_status":"closed","sticky":false,"template":"","format":"standard","meta":{"fifu_image_url":"","fifu_image_alt":"","footnotes":""},"categories":[73,81],"tags":[],"class_list":["post-150871","post","type-post","status-publish","format-standard","hentry","category-actualite","category-burkina-faso"],"_links":{"self":[{"href":"https:\/\/linitiative.ca\/International\/wp-json\/wp\/v2\/posts\/150871","targetHints":{"allow":["GET"]}}],"collection":[{"href":"https:\/\/linitiative.ca\/International\/wp-json\/wp\/v2\/posts"}],"about":[{"href":"https:\/\/linitiative.ca\/International\/wp-json\/wp\/v2\/types\/post"}],"author":[{"embeddable":true,"href":"https:\/\/linitiative.ca\/International\/wp-json\/wp\/v2\/users\/1816"}],"replies":[{"embeddable":true,"href":"https:\/\/linitiative.ca\/International\/wp-json\/wp\/v2\/comments?post=150871"}],"version-history":[{"count":0,"href":"https:\/\/linitiative.ca\/International\/wp-json\/wp\/v2\/posts\/150871\/revisions"}],"wp:attachment":[{"href":"https:\/\/linitiative.ca\/International\/wp-json\/wp\/v2\/media?parent=150871"}],"wp:term":[{"taxonomy":"category","embeddable":true,"href":"https:\/\/linitiative.ca\/International\/wp-json\/wp\/v2\/categories?post=150871"},{"taxonomy":"post_tag","embeddable":true,"href":"https:\/\/linitiative.ca\/International\/wp-json\/wp\/v2\/tags?post=150871"}],"curies":[{"name":"wp","href":"https:\/\/api.w.org\/{rel}","templated":true}]}}