{"id":150872,"date":"2022-06-23T13:17:23","date_gmt":"2022-06-23T17:17:23","guid":{"rendered":"https:\/\/linitiative.ca\/International\/fada-ngourma-une-dizaine-de-personnes-enlevees-dont-des-responsables-administratifs-quatre-liberees-dautres-toujours-entre-les-mains-des-ravisseurs\/"},"modified":"2022-06-23T13:17:23","modified_gmt":"2022-06-23T17:17:23","slug":"fada-ngourma-une-dizaine-de-personnes-enlevees-dont-des-responsables-administratifs-quatre-liberees-dautres-toujours-entre-les-mains-des-ravisseurs","status":"publish","type":"post","link":"https:\/\/linitiative.ca\/International\/fada-ngourma-une-dizaine-de-personnes-enlevees-dont-des-responsables-administratifs-quatre-liberees-dautres-toujours-entre-les-mains-des-ravisseurs\/","title":{"rendered":"Fada N\u2019Gourma : une dizaine de personnes enlev\u00e9es dont des responsables administratifs,\u00a0 quatre\u00a0 lib\u00e9r\u00e9es, d\u2019autres toujours entre les\u00a0 mains des ravisseurs"},"content":{"rendered":"<div>\n<p>Selon plusieurs sources locales, une dizaine de personnes dont des responsables administratifs r\u00e9gionaux et provinciaux ont \u00e9t\u00e9 enlev\u00e9s, hier mercredi 22 juin 2022, \u00e0 l\u2019entr\u00e9e de la ville de Fada N\u2019Gourma, sur l\u2019axe Koup\u00e9la-Fada, non loin du p\u00e9age.<\/p>\n<p>Si certaines ont \u00e9t\u00e9 rel\u00e2ch\u00e9es, d\u2019autres sont toujours retenues par leurs ravisseurs. Les m\u00eames sources ont ajout\u00e9 que l\u2019ambulance de Bogand\u00e9 et trois autres v\u00e9hicules de type 4\u00d74 ont \u00e9t\u00e9 retir\u00e9s. Selon un t\u00e9moin, les ravisseurs ont men\u00e9 l\u2019op\u00e9ration dans les environs du poste de contr\u00f4le du syndicat des transporteurs vers 16 heures. Apr\u00e8s v\u00e9rification des identit\u00e9s, ils ont d\u00e9cid\u00e9 d\u2019amener avec eux certains usagers.<\/p>\n<p>A la fin de leur op\u00e9ration, racontent les t\u00e9moins, les hommes arm\u00e9s ont emprunt\u00e9 une bretelle pour rejoindre la RN18 (route Fada-Bogand\u00e9). Dans la brousse, assis sur une natte, les hommes arm\u00e9s non identifi\u00e9s\u00a0 ont fouill\u00e9 leurs t\u00e9l\u00e9phones portables et leur ont pos\u00e9 des questions. C\u2019est \u00e0 l\u2019issue de l\u2019interrogatoire que 4 otages ont \u00e9t\u00e9 lib\u00e9r\u00e9s<\/p>\n<p>A moto, ils\u00a0 ont \u00e9t\u00e9 conduits dans un village o\u00f9 ils ont remis \u00e0 \u00a0chaque otage un billet de 5000 FCFA en guise de frais de transport pour rejoindre Fada N\u2019Gourma.<\/p>\n<p>\u00a0<\/p>\n<p><strong>Sidwaya.info<\/strong><\/p>\n<\/div>\n<p>Auteur: BS. Sidwaya<br \/>\n<a href=\"https:\/\/www.sidwaya.info\/blog\/2022\/06\/23\/fada-ngourma-une-dizaine-de-personnes-enlevees-dont-des-responsables-administratifs-quatre-liberees-dautres-toujours-entre-les-mains-des-ravisseurs\/\">Cliquez ici pour lire l&rsquo;article depuis sa source.<\/a><\/p>\n","protected":false},"excerpt":{"rendered":"<p>Selon plusieurs sources locales, une dizaine de personnes dont des responsables administratifs r\u00e9gionaux et provinciaux ont \u00e9t\u00e9 enlev\u00e9s, hier mercredi 22 juin 2022, \u00e0 l\u2019entr\u00e9e de la ville de Fada N\u2019Gourma, sur l\u2019axe Koup\u00e9la-Fada, non loin du p\u00e9age. Si certaines ont \u00e9t\u00e9 rel\u00e2ch\u00e9es, d\u2019autres sont toujours retenues par leurs ravisseurs. Les m\u00eames sources ont ajout\u00e9 [&hellip;]<\/p>\n","protected":false},"author":1816,"featured_media":0,"comment_status":"closed","ping_status":"closed","sticky":false,"template":"","format":"standard","meta":{"fifu_image_url":"","fifu_image_alt":"","footnotes":""},"categories":[73,81],"tags":[],"class_list":["post-150872","post","type-post","status-publish","format-standard","hentry","category-actualite","category-burkina-faso"],"_links":{"self":[{"href":"https:\/\/linitiative.ca\/International\/wp-json\/wp\/v2\/posts\/150872","targetHints":{"allow":["GET"]}}],"collection":[{"href":"https:\/\/linitiative.ca\/International\/wp-json\/wp\/v2\/posts"}],"about":[{"href":"https:\/\/linitiative.ca\/International\/wp-json\/wp\/v2\/types\/post"}],"author":[{"embeddable":true,"href":"https:\/\/linitiative.ca\/International\/wp-json\/wp\/v2\/users\/1816"}],"replies":[{"embeddable":true,"href":"https:\/\/linitiative.ca\/International\/wp-json\/wp\/v2\/comments?post=150872"}],"version-history":[{"count":0,"href":"https:\/\/linitiative.ca\/International\/wp-json\/wp\/v2\/posts\/150872\/revisions"}],"wp:attachment":[{"href":"https:\/\/linitiative.ca\/International\/wp-json\/wp\/v2\/media?parent=150872"}],"wp:term":[{"taxonomy":"category","embeddable":true,"href":"https:\/\/linitiative.ca\/International\/wp-json\/wp\/v2\/categories?post=150872"},{"taxonomy":"post_tag","embeddable":true,"href":"https:\/\/linitiative.ca\/International\/wp-json\/wp\/v2\/tags?post=150872"}],"curies":[{"name":"wp","href":"https:\/\/api.w.org\/{rel}","templated":true}]}}