{"id":150873,"date":"2022-06-23T10:22:22","date_gmt":"2022-06-23T14:22:22","guid":{"rendered":"https:\/\/linitiative.ca\/International\/cameroun-un-projet-delevage-des-crevettes-en-gestation\/"},"modified":"2022-06-23T10:22:22","modified_gmt":"2022-06-23T14:22:22","slug":"cameroun-un-projet-delevage-des-crevettes-en-gestation","status":"publish","type":"post","link":"https:\/\/linitiative.ca\/International\/cameroun-un-projet-delevage-des-crevettes-en-gestation\/","title":{"rendered":"Cameroun : un projet d\u2019\u00e9levage des crevettes en gestation"},"content":{"rendered":"<div>\n<p><img decoding=\"async\" width=\"1024\" height=\"553\" src=\"https:\/\/linitiative.ca\/International\/wp-content\/uploads\/sites\/23\/2022\/06\/Elevage-de-crevettes.jpg\" class=\"attachment-post-thumbnail size-post-thumbnail wp-post-image\" alt=\"L\u2019\u00e9levage de crevettes annonc\u00e9 au Cameroun\" loading=\"lazy\" srcset=\"https:\/\/linitiative.ca\/International\/wp-content\/uploads\/sites\/23\/2022\/06\/Elevage-de-crevettes.jpg 1024w, https:\/\/www.journalducameroun.com\/wp-content\/uploads\/2022\/06\/Elevage-de-crevettes-300x162.jpg 300w, https:\/\/www.journalducameroun.com\/wp-content\/uploads\/2022\/06\/Elevage-de-crevettes-768x415.jpg 768w, https:\/\/www.journalducameroun.com\/wp-content\/uploads\/2022\/06\/Elevage-de-crevettes-815x440.jpg 815w, https:\/\/www.journalducameroun.com\/wp-content\/uploads\/2022\/06\/Elevage-de-crevettes-600x324.jpg 600w\" sizes=\"auto, (max-width: 1024px) 100vw, 1024px\"><\/p>\n<h2 style=\"text-align: justify;\">L\u2019Agence nationale de promotion des investissements (Api) et la soci\u00e9t\u00e9 Fish&amp;Co ont sign\u00e9 un accord en vue de la mise en \u0153uvre dudit projet.<\/h2>\n<p style=\"text-align: justify;\">\n<p style=\"text-align: justify;\">Le Cameroun a une opportunit\u00e9 pour combler le gap existant entre la demande en <strong>poisson<\/strong> \u00e9valu\u00e9e \u00e0 500\u00a0000 tonnes et l\u2019offre estim\u00e9e \u00e0 300\u00a0000 tonnes par an. Un <strong>projet aquacole<\/strong> en gestation pourra permettre de r\u00e9duire le volume des importations de poisson dont le co\u00fbt actuel est de 100 milliards \u00a0de francs CFA chaque ann\u00e9e.<\/p>\n<p style=\"text-align: justify;\">Une convention y relative lie d\u00e9sormais le Cameroun par le biais de l\u2019Api \u00e0 la soci\u00e9t\u00e9 <strong>Fish&amp;Co<\/strong>. Ladite \u00a0initiative se rapporte \u00e0 la production de poissons et d\u2019<strong>alevins<\/strong>, d\u2019<strong>\u00e9levage de crevettes <\/strong>d\u2019eau douce et marine et \u00e0 la mise sur pied d\u2019une usine de production d\u2019<strong>aliments destin\u00e9s aux poissons<\/strong>. Le projet se d\u00e9cline en trois axes et chacun sera r\u00e9alis\u00e9 dans une des trois localit\u00e9s du pays ci-apr\u00e8s.<\/p>\n<p style=\"text-align: justify;\">D\u2019abord, Dibamba dans la r\u00e9gion du Littoral servira de site pour la production de 5 millions d\u2019alevins, 5000 tonnes de tilapia par an. Le m\u00eame site sera exploit\u00e9 pour la construction de l\u2019usine d\u2019aliments de poissons d\u2019une capacit\u00e9 de 12\u00a0000 tonnes par an. Cette usine va co\u00fbter 6 milliards de francs CFA. Elle d\u00e9coule des relations entre le Cameroun, le Br\u00e9sil, les Etats-Unis d\u2019Am\u00e9rique depuis le Cameroon investment forum de 2019.<\/p>\n<p style=\"text-align: justify;\">Ensuite, Kribi dans la r\u00e9gion du Sud, o\u00f9 seront produites 100 tonnes de crevettes de mer et d\u2019eau douce par an. \u00a0Un projet qui fera de Kribi, la ville des crevettes en r\u00e9f\u00e9rence \u00e0 \u00ab\u00a0la rivi\u00e8re des crevettes\u00a0\u00bb appellation des explorateurs portugais \u00ab\u00a0Rio dos Camaroes\u00a0\u00bb. Enfin le barrage de retenu d\u2019eau de Lom Pangar dans la r\u00e9gion de l\u2019Est o\u00f9 la collecte et la production du poisson seront effectu\u00e9es.<\/p>\n<p>Cet article <a rel=\"nofollow\" href=\"https:\/\/www.journalducameroun.com\/cameroun-un-projet-delevage-des-crevettes-en-gestation\/\">Cameroun : un projet d\u2019\u00e9levage des crevettes en gestation<\/a> est apparu en premier sur <a rel=\"nofollow\" href=\"https:\/\/www.journalducameroun.com\/\">Journal du Cameroun<\/a>.<\/p>\n<\/div>\n<p>Auteur: Arnaud MAWEL<br \/>\n<a href=\"https:\/\/www.journalducameroun.com\/cameroun-un-projet-delevage-des-crevettes-en-gestation\/\">Cliquez ici pour lire l&rsquo;article depuis sa source.<\/a><\/p>\n","protected":false},"excerpt":{"rendered":"<p>L\u2019Agence nationale de promotion des investissements (Api) et la soci\u00e9t\u00e9 Fish&amp;Co ont sign\u00e9 un accord en vue de la mise en \u0153uvre dudit projet. Le Cameroun a une opportunit\u00e9 pour combler le gap existant entre la demande en poisson \u00e9valu\u00e9e \u00e0 500\u00a0000 tonnes et l\u2019offre estim\u00e9e \u00e0 300\u00a0000 tonnes par an. Un projet aquacole en [&hellip;]<\/p>\n","protected":false},"author":1965,"featured_media":0,"comment_status":"closed","ping_status":"closed","sticky":false,"template":"","format":"standard","meta":{"fifu_image_url":"https:\/\/www.journalducameroun.com\/wp-content\/uploads\/2022\/06\/Elevage-de-crevettes.jpg","fifu_image_alt":"Cameroun : un projet d\u2019\u00e9levage des crevettes en gestation","footnotes":""},"categories":[73,82],"tags":[],"class_list":["post-150873","post","type-post","status-publish","format-standard","hentry","category-actualite","category-cameroun"],"_links":{"self":[{"href":"https:\/\/linitiative.ca\/International\/wp-json\/wp\/v2\/posts\/150873","targetHints":{"allow":["GET"]}}],"collection":[{"href":"https:\/\/linitiative.ca\/International\/wp-json\/wp\/v2\/posts"}],"about":[{"href":"https:\/\/linitiative.ca\/International\/wp-json\/wp\/v2\/types\/post"}],"author":[{"embeddable":true,"href":"https:\/\/linitiative.ca\/International\/wp-json\/wp\/v2\/users\/1965"}],"replies":[{"embeddable":true,"href":"https:\/\/linitiative.ca\/International\/wp-json\/wp\/v2\/comments?post=150873"}],"version-history":[{"count":0,"href":"https:\/\/linitiative.ca\/International\/wp-json\/wp\/v2\/posts\/150873\/revisions"}],"wp:attachment":[{"href":"https:\/\/linitiative.ca\/International\/wp-json\/wp\/v2\/media?parent=150873"}],"wp:term":[{"taxonomy":"category","embeddable":true,"href":"https:\/\/linitiative.ca\/International\/wp-json\/wp\/v2\/categories?post=150873"},{"taxonomy":"post_tag","embeddable":true,"href":"https:\/\/linitiative.ca\/International\/wp-json\/wp\/v2\/tags?post=150873"}],"curies":[{"name":"wp","href":"https:\/\/api.w.org\/{rel}","templated":true}]}}