{"id":150885,"date":"2022-06-23T10:27:00","date_gmt":"2022-06-23T14:27:00","guid":{"rendered":"https:\/\/linitiative.ca\/International\/le-burundi-et-afreximbank-font-leur-entree-dans-le-capital-social-de-la-bdeac\/"},"modified":"2022-06-23T10:27:00","modified_gmt":"2022-06-23T14:27:00","slug":"le-burundi-et-afreximbank-font-leur-entree-dans-le-capital-social-de-la-bdeac","status":"publish","type":"post","link":"https:\/\/linitiative.ca\/International\/le-burundi-et-afreximbank-font-leur-entree-dans-le-capital-social-de-la-bdeac\/","title":{"rendered":"Le Burundi et Afreximbank font leur entr\u00e9e dans le capital social de la Bdeac"},"content":{"rendered":"<div>\n<p>Lors de la deuxi\u00e8me session du Conseil d\u2019administration de la Banque de D\u00e9veloppement des Etats de l\u2019Afrique centrale (Bdeac) tenu le 09 juin 2022 \u00e0 Libreville, les membres dudit conseil ont annonc\u00e9 l\u2019entr\u00e9e de deux nouveaux actionnaires dans le capital social de la banque. Il s\u2019agit du Burundi et Afreximbank qui ont officiellement int\u00e9gr\u00e9 son capital au cours de l\u2019assembl\u00e9e g\u00e9n\u00e9rale des actionnaires en novembre 2021.<\/p>\n<p><strong>Lire aussi : <a href=\"https:\/\/ecomatin.net\/c-le-camerounais-dieudonne-evou-mekou-prend-officiellement-fonction2\/\" target=\"_blank\" rel=\"noreferrer noopener\">Pr\u00e9sidence de la Bdeac: le camerounais Dieudonn\u00e9 Evou Mekou prend officiellement fonction\u00a0<\/a><\/strong><\/p>\n<p>Ces derniers viennent s\u2019ajouter aux actionnaires de la banque class\u00e9s en deux cat\u00e9gories A et B. La cat\u00e9gorie A constitue les Etats membres de la Cemac (Cameroun, Centrafricaine, Congo, Gabon, Guin\u00e9e Equatoriale, Tchad) par ailleurs actionnaires majoritaires avec 50,88% du capital soit\u00a0610,560 millions de francs CFA. Pr\u00e9cisons tout de m\u00eame que ces derniers enregistrent chacun 8,48% du capital soit une contribution individuelle \u00e0 hauteur de 101,7 millions. La cat\u00e9gorie B quant \u00e0 elle repr\u00e9sente 35,66% du capital social de la Bdeac, compos\u00e9e des Institutions et des Etats non r\u00e9gionaux. Il s\u2019agit entre autres de la Beac (33,43%), la BAD, la France, Kowe\u00eft Investment Company, Libya Africa Investment Portfolio, Royaume du Maroc, Commission de la Cemac. Ainsi pour chaque participant, il est \u00e9mis deux certificats qui correspondent l\u2019un, aux actions du capital appel\u00e9 et lib\u00e9r\u00e9 et l\u2019autre, au capital sujet \u00e0 appel.\u00a0La partie non encore souscrite pour sa part repr\u00e9sente 13,46%. Rappelons ici que\u00a0le capital de la Bdeac s\u2019\u00e9tablit \u00e0 1,2 milliard de francs divis\u00e9 en 120 000 actions de 10 millions chacune.<\/p>\n<p><strong>Lire aussi : <a href=\"https:\/\/ecomatin.net\/la-bdeac-va-financer-14-projets-dans-la-cemac-et-au-burundi-a-hauteur-de-161-86-milliards-de-fcfa\/\" target=\"_blank\" rel=\"noreferrer noopener\">La Bdeac va financer 14 projets dans la Cemac et au Burundi \u00e0 hauteur de 161. 86 milliards de Fcfa<\/a><\/strong><\/p>\n<p>De plus, les membres du CA apr\u00e8s examen des dossiers de pr\u00eats ont mentionn\u00e9 que l\u2019institution a approuv\u00e9 de nouveaux engagements d\u2019un montant de 161,8 milliards de Fcfa, mais \u00e9galement, ses premiers investissements hors de la zone de la Communaut\u00e9 \u00e9conomique et mon\u00e9taire de l\u2019Afrique centrale (Cemac), notamment au Burundi qui fait d\u00e9sormais partie du capital de la Bdeac. Les 14 projets \u00e0 financer gr\u00e2ce \u00e0 cette enveloppe sont identifi\u00e9s dans les secteurs de l\u2019\u00e9ducation, l\u2019agriculture, le transport, le tourisme, les finances et les mines, apprend-on. \u00ab Cette intervention de la banque s\u2019inscrit ainsi dans le cadre des r\u00e9solutions prises au cours des r\u00e9formes de 2019 et traduisent son ouverture \u00e0 r\u00e9pondre favorablement aux sollicitations des autres pays de la Communaut\u00e9 \u00e9conomique des Etats de l\u2019Afrique centrale (Ceeac) \u00bb, mentionne l\u2019institution financi\u00e8re sous-r\u00e9gionale.<\/p>\n<p><strong>Lire aussi : <a href=\"https:\/\/ecomatin.net\/les-financements-de-la-bdeac-en-faveur-du-cameroun-n-selevent-a-360-milliards-en-trois-mois\/\" target=\"_blank\" rel=\"noreferrer noopener\">Les financements de la Bdeac en faveur du Cameroun\u00a0s\u2019\u00e9l\u00e8vent \u00e0 360 milliards en trois mois<\/a><\/strong><\/p>\n<p>Le rapport annuel d\u2019activit\u00e9s de l\u2019institution bancaire pour le compte de l\u2019ann\u00e9e pr\u00e9c\u00e9dente rendu public au cours du conseil quant \u00e0 lui renseigne que\u00a0l\u2019institution financi\u00e8re internationale a r\u00e9ussi \u00e0\u00a0mobiliser\u00a0pr\u00e8s de 156,9 millions de Fcfa aussi bien sur le march\u00e9 financier sous-r\u00e9gional qu\u2019aupr\u00e8s de ses partenaires internationaux.<\/p>\n<p>L\u2019article <a rel=\"nofollow\" href=\"https:\/\/ecomatin.net\/le-burundi-et-afreximbank-font-leur-entree-dans-le-capital-social-de-la-bdeac\/\">Le Burundi et Afreximbank font leur entr\u00e9e dans le capital social de la Bdeac<\/a> est apparu en premier sur <a rel=\"nofollow\" href=\"https:\/\/ecomatin.net\/\">EcoMatin<\/a>.<\/p>\n<\/div>\n<p>Auteur: Mairamou Abdou<br \/>\n<a href=\"https:\/\/ecomatin.net\/le-burundi-et-afreximbank-font-leur-entree-dans-le-capital-social-de-la-bdeac\/\">Cliquez ici pour lire l&rsquo;article depuis sa source.<\/a><\/p>\n","protected":false},"excerpt":{"rendered":"<p>Lors de la deuxi\u00e8me session du Conseil d\u2019administration de la Banque de D\u00e9veloppement des Etats de l\u2019Afrique centrale (Bdeac) tenu le 09 juin 2022 \u00e0 Libreville, les membres dudit conseil ont annonc\u00e9 l\u2019entr\u00e9e de deux nouveaux actionnaires dans le capital social de la banque. Il s\u2019agit du Burundi et Afreximbank qui ont officiellement int\u00e9gr\u00e9 son [&hellip;]<\/p>\n","protected":false},"author":1969,"featured_media":0,"comment_status":"closed","ping_status":"closed","sticky":false,"template":"","format":"standard","meta":{"fifu_image_url":"","fifu_image_alt":"","footnotes":""},"categories":[82,78],"tags":[],"class_list":["post-150885","post","type-post","status-publish","format-standard","hentry","category-cameroun","category-economie"],"_links":{"self":[{"href":"https:\/\/linitiative.ca\/International\/wp-json\/wp\/v2\/posts\/150885","targetHints":{"allow":["GET"]}}],"collection":[{"href":"https:\/\/linitiative.ca\/International\/wp-json\/wp\/v2\/posts"}],"about":[{"href":"https:\/\/linitiative.ca\/International\/wp-json\/wp\/v2\/types\/post"}],"author":[{"embeddable":true,"href":"https:\/\/linitiative.ca\/International\/wp-json\/wp\/v2\/users\/1969"}],"replies":[{"embeddable":true,"href":"https:\/\/linitiative.ca\/International\/wp-json\/wp\/v2\/comments?post=150885"}],"version-history":[{"count":0,"href":"https:\/\/linitiative.ca\/International\/wp-json\/wp\/v2\/posts\/150885\/revisions"}],"wp:attachment":[{"href":"https:\/\/linitiative.ca\/International\/wp-json\/wp\/v2\/media?parent=150885"}],"wp:term":[{"taxonomy":"category","embeddable":true,"href":"https:\/\/linitiative.ca\/International\/wp-json\/wp\/v2\/categories?post=150885"},{"taxonomy":"post_tag","embeddable":true,"href":"https:\/\/linitiative.ca\/International\/wp-json\/wp\/v2\/tags?post=150885"}],"curies":[{"name":"wp","href":"https:\/\/api.w.org\/{rel}","templated":true}]}}