{"id":150918,"date":"2022-06-24T07:37:38","date_gmt":"2022-06-24T11:37:38","guid":{"rendered":"https:\/\/linitiative.ca\/International\/coup-denvoi-du-1er-congres-africain-de-pathologie-aviaire\/"},"modified":"2022-06-24T07:37:38","modified_gmt":"2022-06-24T11:37:38","slug":"coup-denvoi-du-1er-congres-africain-de-pathologie-aviaire","status":"publish","type":"post","link":"https:\/\/linitiative.ca\/International\/coup-denvoi-du-1er-congres-africain-de-pathologie-aviaire\/","title":{"rendered":"Coup d\u2019envoi du 1er Congr\u00e8s africain de pathologie aviaire"},"content":{"rendered":"<div>\n<div style=\"margin-bottom:20px;\"><img loading=\"lazy\" decoding=\"async\" width=\"750\" height=\"430\" src=\"https:\/\/linitiative.ca\/International\/wp-content\/uploads\/sites\/23\/2022\/06\/congrC3A8s-copier-1.jpg\" class=\"attachment-post-thumbnail size-post-thumbnail wp-post-image\" alt=\"\" srcset=\"https:\/\/linitiative.ca\/International\/wp-content\/uploads\/sites\/23\/2022\/06\/congrC3A8s-copier-1.jpg 750w, https:\/\/www.mapmarrakech.ma\/map\/uploads\/2022\/06\/congr\u00e8s-copier-1-300x172.jpg 300w\" sizes=\"auto, (max-width: 750px) 100vw, 750px\"><\/div>\n<p>Plac\u00e9 sous le Haut Patronage de SM le Roi Mohammed VI, ce conclave organis\u00e9 par l\u2019Association Marocaine de Pathologie Aviaire (AMPA), en partenariat avec l\u2019Association V\u00e9t\u00e9rinaire Avicole Mondiale (WVPA) et l\u2019Organisation des Nations Unies pour l\u2019Alimentation et l\u2019Agriculture (FAO), et avec l\u2019appui du minist\u00e8re de l\u2019Agriculture, de la P\u00eache Maritime, du D\u00e9veloppement Rural et des Eaux et For\u00eats, constitue l\u2019occasion de d\u00e9velopper des strat\u00e9gies communes entre pays africains contre les maladies infectieuses \u00e0 impact \u00e9conomique et zoonotique.<\/p>\n<p>Initi\u00e9e sous le th\u00e8me \u00ab\u00a0L\u2019influenza aviaire, une menace pour la production avicole et les \u00e9changes commerciaux en Afrique\u00a0\u00bb, cette rencontre de trois jours (23-25 juin) vise aussi \u00e0 initier des collaborations entre les universit\u00e9s et les structures africaines de recherche.<\/p>\n<p>Le Congr\u00e8s abordera divers sujets li\u00e9s \u00e0 la pr\u00e9vention, \u00e0 la bios\u00e9curit\u00e9, \u00e0 la production et \u00e0 la s\u00e9curit\u00e9 sanitaire des produits avicoles ainsi que les questions d\u2019approvisionnement des march\u00e9s et la flamb\u00e9e des prix des mati\u00e8res premi\u00e8res \u00e0 l\u2019\u00e9chelle plan\u00e9taire.<\/p>\n<p>Les travaux de cet \u00e9v\u00e9nement scientifique se d\u00e9clinent en quatre sessions, avec \u00e0 la cl\u00e9 des symposiums et une s\u00e9rie de pr\u00e9sentations et d\u2019interventions ax\u00e9s, entre autres, sur \u00ab\u00a0l\u2019avenir de la production avicole en Afrique et ses d\u00e9fis\u00a0\u00bb, \u00ab\u00a0les probl\u00e8mes de sant\u00e9 publique li\u00e9s aux produits avicoles\u00a0\u00bb, \u00ab\u00a0l\u2019influenza aviaire faiblement pathog\u00e8ne H9N2 en Afrique du Nord et de l\u2019Ouest\u00a0\u00bb, \u00ab\u00a0la situation mondiale de l\u2019influenza aviaire hautement pathologique et la vaccination comme outil de contr\u00f4le\u00a0\u00bb et \u00ab\u00a0les infections virales de la bronchite : enjeu mondial et strat\u00e9gies de lutte\u00a0\u00bb.<\/p>\n<p>Des stands mettant en avant l\u2019importance de la cha\u00eene de valeur de ce secteur vital, dont le r\u00f4le dans la s\u00e9curit\u00e9 alimentaire n\u2019est plus \u00e0 d\u00e9montrer, ont \u00e9t\u00e9 am\u00e9nag\u00e9s \u00e0 cette occasion.<\/p>\n<p>The post <a rel=\"nofollow\" href=\"https:\/\/www.mapmarrakech.ma\/fr\/le-1er-congres-africain-de-pathologie-aviaire-entame-ses-travaux-a-marrakech\/\">Coup d\u2019envoi du 1er Congr\u00e8s africain de pathologie aviaire<\/a> appeared first on <a rel=\"nofollow\" href=\"https:\/\/www.mapmarrakech.ma\/fr\">MapMarrakech<\/a>.<\/p>\n<\/div>\n<p>Auteur: Meriem IGASS<br \/>\n<a href=\"https:\/\/www.mapmarrakech.ma\/fr\/le-1er-congres-africain-de-pathologie-aviaire-entame-ses-travaux-a-marrakech\/\">Cliquez ici pour lire l&rsquo;article depuis sa source.<\/a><\/p>\n","protected":false},"excerpt":{"rendered":"<p>Plac\u00e9 sous le Haut Patronage de SM le Roi Mohammed VI, ce conclave organis\u00e9 par l\u2019Association Marocaine de Pathologie Aviaire (AMPA), en partenariat avec l\u2019Association V\u00e9t\u00e9rinaire Avicole Mondiale (WVPA) et l\u2019Organisation des Nations Unies pour l\u2019Alimentation et l\u2019Agriculture (FAO), et avec l\u2019appui du minist\u00e8re de l\u2019Agriculture, de la P\u00eache Maritime, du D\u00e9veloppement Rural et des [&hellip;]<\/p>\n","protected":false},"author":1788,"featured_media":0,"comment_status":"closed","ping_status":"closed","sticky":false,"template":"","format":"standard","meta":{"fifu_image_url":"https:\/\/www.mapmarrakech.ma\/map\/uploads\/2022\/06\/congr\u00e8s-copier-1.jpg","fifu_image_alt":"Coup d\u2019envoi du 1er Congr\u00e8s africain de pathologie aviaire","footnotes":""},"categories":[54,76],"tags":[],"class_list":["post-150918","post","type-post","status-publish","format-standard","hentry","category-maroc","category-regions"],"_links":{"self":[{"href":"https:\/\/linitiative.ca\/International\/wp-json\/wp\/v2\/posts\/150918","targetHints":{"allow":["GET"]}}],"collection":[{"href":"https:\/\/linitiative.ca\/International\/wp-json\/wp\/v2\/posts"}],"about":[{"href":"https:\/\/linitiative.ca\/International\/wp-json\/wp\/v2\/types\/post"}],"author":[{"embeddable":true,"href":"https:\/\/linitiative.ca\/International\/wp-json\/wp\/v2\/users\/1788"}],"replies":[{"embeddable":true,"href":"https:\/\/linitiative.ca\/International\/wp-json\/wp\/v2\/comments?post=150918"}],"version-history":[{"count":0,"href":"https:\/\/linitiative.ca\/International\/wp-json\/wp\/v2\/posts\/150918\/revisions"}],"wp:attachment":[{"href":"https:\/\/linitiative.ca\/International\/wp-json\/wp\/v2\/media?parent=150918"}],"wp:term":[{"taxonomy":"category","embeddable":true,"href":"https:\/\/linitiative.ca\/International\/wp-json\/wp\/v2\/categories?post=150918"},{"taxonomy":"post_tag","embeddable":true,"href":"https:\/\/linitiative.ca\/International\/wp-json\/wp\/v2\/tags?post=150918"}],"curies":[{"name":"wp","href":"https:\/\/api.w.org\/{rel}","templated":true}]}}