{"id":150936,"date":"2022-06-24T10:47:04","date_gmt":"2022-06-24T14:47:04","guid":{"rendered":"https:\/\/linitiative.ca\/International\/etape-remarquee-du-light-tour-act-ii-de-lonmt-a-sao-paulo\/"},"modified":"2022-06-24T10:47:04","modified_gmt":"2022-06-24T14:47:04","slug":"etape-remarquee-du-light-tour-act-ii-de-lonmt-a-sao-paulo","status":"publish","type":"post","link":"https:\/\/linitiative.ca\/International\/etape-remarquee-du-light-tour-act-ii-de-lonmt-a-sao-paulo\/","title":{"rendered":"Etape remarqu\u00e9e du \u00ab Light Tour-Act II \u00bb de l\u2019ONMT \u00e0 Sao Paulo"},"content":{"rendered":"<div>\n<div class=\"field field-name-body field-type-text-with-summary field-label-hidden\">\n<div class=\"field-items\">\n<div class=\"field-item even\" property=\"content:encoded\">\n<p class=\"rtejustify\">L\u2019Office national marocain du tourisme (ONMT) a conclu son \u00ab\u00a0Light Tour\u00a0\u00bb par une \u00e9tape remarqu\u00e9e \u00e0 Sao Paulo, au Br\u00e9sil, o\u00f9 il a pr\u00e9sent\u00e9 la nouvelle campagne de communication internationale \u00ab\u00a0Maroc, Terre de lumi\u00e8re\u00a0\u00bb.<\/p>\n<p class=\"rtejustify\">Apr\u00e8s des \u00e9tapes couronn\u00e9es de succ\u00e8s au Portugal puis en Espagne, l\u2019ONMT et ses partenaires de la Conf\u00e9d\u00e9ration nationale du tourisme (CNT) et des r\u00e9gions sont partis \u00e0 la rencontre du march\u00e9 br\u00e9silien afin de renforcer les parts de la Destination Maroc sur ce march\u00e9 tr\u00e8s prometteur.<\/p>\n<\/div>\n<\/div>\n<\/div>\n<\/div>\n<p>Auteur: mbasraoui<br \/>\n<a href=\"https:\/\/www.leconomiste.com\/flash-infos\/etape-remarquee-du-light-tour-act-ii-de-l-onmt-sao-paulo\">Cliquez ici pour lire l&rsquo;article depuis sa source.<\/a><\/p>\n","protected":false},"excerpt":{"rendered":"<p>L\u2019Office national marocain du tourisme (ONMT) a conclu son \u00ab\u00a0Light Tour\u00a0\u00bb par une \u00e9tape remarqu\u00e9e \u00e0 Sao Paulo, au Br\u00e9sil, o\u00f9 il a pr\u00e9sent\u00e9 la nouvelle campagne de communication internationale \u00ab\u00a0Maroc, Terre de lumi\u00e8re\u00a0\u00bb. Apr\u00e8s des \u00e9tapes couronn\u00e9es de succ\u00e8s au Portugal puis en Espagne, l\u2019ONMT et ses partenaires de la Conf\u00e9d\u00e9ration nationale du tourisme [&hellip;]<\/p>\n","protected":false},"author":1763,"featured_media":0,"comment_status":"closed","ping_status":"closed","sticky":false,"template":"","format":"standard","meta":{"fifu_image_url":"","fifu_image_alt":"","footnotes":""},"categories":[78,54],"tags":[],"class_list":["post-150936","post","type-post","status-publish","format-standard","hentry","category-economie","category-maroc"],"_links":{"self":[{"href":"https:\/\/linitiative.ca\/International\/wp-json\/wp\/v2\/posts\/150936","targetHints":{"allow":["GET"]}}],"collection":[{"href":"https:\/\/linitiative.ca\/International\/wp-json\/wp\/v2\/posts"}],"about":[{"href":"https:\/\/linitiative.ca\/International\/wp-json\/wp\/v2\/types\/post"}],"author":[{"embeddable":true,"href":"https:\/\/linitiative.ca\/International\/wp-json\/wp\/v2\/users\/1763"}],"replies":[{"embeddable":true,"href":"https:\/\/linitiative.ca\/International\/wp-json\/wp\/v2\/comments?post=150936"}],"version-history":[{"count":0,"href":"https:\/\/linitiative.ca\/International\/wp-json\/wp\/v2\/posts\/150936\/revisions"}],"wp:attachment":[{"href":"https:\/\/linitiative.ca\/International\/wp-json\/wp\/v2\/media?parent=150936"}],"wp:term":[{"taxonomy":"category","embeddable":true,"href":"https:\/\/linitiative.ca\/International\/wp-json\/wp\/v2\/categories?post=150936"},{"taxonomy":"post_tag","embeddable":true,"href":"https:\/\/linitiative.ca\/International\/wp-json\/wp\/v2\/tags?post=150936"}],"curies":[{"name":"wp","href":"https:\/\/api.w.org\/{rel}","templated":true}]}}