{"id":150938,"date":"2022-06-24T12:38:09","date_gmt":"2022-06-24T16:38:09","guid":{"rendered":"https:\/\/linitiative.ca\/International\/fouzi-lekjaa-reelu-a-la-tete-de-la-frmf\/"},"modified":"2022-06-24T12:38:09","modified_gmt":"2022-06-24T16:38:09","slug":"fouzi-lekjaa-reelu-a-la-tete-de-la-frmf","status":"publish","type":"post","link":"https:\/\/linitiative.ca\/International\/fouzi-lekjaa-reelu-a-la-tete-de-la-frmf\/","title":{"rendered":"Fouzi Lekjaa r\u00e9\u00e9lu \u00e0 la t\u00eate de la FRMF"},"content":{"rendered":"<div>\n<div class=\"field field-name-body field-type-text-with-summary field-label-hidden\">\n<div class=\"field-items\">\n<div class=\"field-item even\" property=\"content:encoded\">\n<p class=\"rtejustify\">Fouzi Lekjaa a \u00e9t\u00e9 r\u00e9\u00e9lu pr\u00e9sident de la F\u00e9d\u00e9ration royale marocaine de football (FRMF), lors de l&rsquo;Assembl\u00e9e g\u00e9n\u00e9rale \u00e9lective de l\u2019instance f\u00e9d\u00e9rale, tenue vendredi au complexe Mohammed VI de football \u00e0 Ma\u00e2mora (pr\u00e8s de Sal\u00e9).<\/p>\n<p>M. Lekjaa, seul candidat en lice, a \u00e9t\u00e9 r\u00e9\u00e9lu \u00e0 l\u2019unanimit\u00e9 des d\u00e9l\u00e9gu\u00e9s de clubs pr\u00e9sents \u00e0 cette assembl\u00e9e pour un troisi\u00e8me mandat de quatre ans.<\/p>\n<\/div>\n<\/div>\n<\/div>\n<\/div>\n<p>Auteur: mbasraoui<br \/>\n<a href=\"https:\/\/www.leconomiste.com\/flash-infos\/fouzi-lekjaa-reelu-la-tete-de-la-frmf\">Cliquez ici pour lire l&rsquo;article depuis sa source.<\/a><\/p>\n","protected":false},"excerpt":{"rendered":"<p>Fouzi Lekjaa a \u00e9t\u00e9 r\u00e9\u00e9lu pr\u00e9sident de la F\u00e9d\u00e9ration royale marocaine de football (FRMF), lors de l&rsquo;Assembl\u00e9e g\u00e9n\u00e9rale \u00e9lective de l\u2019instance f\u00e9d\u00e9rale, tenue vendredi au complexe Mohammed VI de football \u00e0 Ma\u00e2mora (pr\u00e8s de Sal\u00e9). M. Lekjaa, seul candidat en lice, a \u00e9t\u00e9 r\u00e9\u00e9lu \u00e0 l\u2019unanimit\u00e9 des d\u00e9l\u00e9gu\u00e9s de clubs pr\u00e9sents \u00e0 cette assembl\u00e9e pour [&hellip;]<\/p>\n","protected":false},"author":1763,"featured_media":0,"comment_status":"closed","ping_status":"closed","sticky":false,"template":"","format":"standard","meta":{"fifu_image_url":"","fifu_image_alt":"","footnotes":""},"categories":[78,54],"tags":[],"class_list":["post-150938","post","type-post","status-publish","format-standard","hentry","category-economie","category-maroc"],"_links":{"self":[{"href":"https:\/\/linitiative.ca\/International\/wp-json\/wp\/v2\/posts\/150938","targetHints":{"allow":["GET"]}}],"collection":[{"href":"https:\/\/linitiative.ca\/International\/wp-json\/wp\/v2\/posts"}],"about":[{"href":"https:\/\/linitiative.ca\/International\/wp-json\/wp\/v2\/types\/post"}],"author":[{"embeddable":true,"href":"https:\/\/linitiative.ca\/International\/wp-json\/wp\/v2\/users\/1763"}],"replies":[{"embeddable":true,"href":"https:\/\/linitiative.ca\/International\/wp-json\/wp\/v2\/comments?post=150938"}],"version-history":[{"count":0,"href":"https:\/\/linitiative.ca\/International\/wp-json\/wp\/v2\/posts\/150938\/revisions"}],"wp:attachment":[{"href":"https:\/\/linitiative.ca\/International\/wp-json\/wp\/v2\/media?parent=150938"}],"wp:term":[{"taxonomy":"category","embeddable":true,"href":"https:\/\/linitiative.ca\/International\/wp-json\/wp\/v2\/categories?post=150938"},{"taxonomy":"post_tag","embeddable":true,"href":"https:\/\/linitiative.ca\/International\/wp-json\/wp\/v2\/tags?post=150938"}],"curies":[{"name":"wp","href":"https:\/\/api.w.org\/{rel}","templated":true}]}}