{"id":150945,"date":"2022-06-24T12:05:00","date_gmt":"2022-06-24T16:05:00","guid":{"rendered":"https:\/\/linitiative.ca\/International\/le-ministere-des-technologies-de-la-communication-annonce-la-cloture-du-projet-des-zones-blanches\/"},"modified":"2022-06-24T12:05:00","modified_gmt":"2022-06-24T16:05:00","slug":"le-ministere-des-technologies-de-la-communication-annonce-la-cloture-du-projet-des-zones-blanches","status":"publish","type":"post","link":"https:\/\/linitiative.ca\/International\/le-ministere-des-technologies-de-la-communication-annonce-la-cloture-du-projet-des-zones-blanches\/","title":{"rendered":"Le Minist\u00e8re des technologies de la communication annonce  la cl\u00f4ture  du projet des zones blanches"},"content":{"rendered":"<div><img decoding=\"async\" src=\"https:\/\/linitiative.ca\/International\/wp-content\/uploads\/sites\/23\/2022\/06\/1656083712_article.jpg\" alt=\"Le Minist\u00e8re des technologies de la communication annonce  la cl\u00f4ture  du projet des zones blanches \" align=\"left\">Le Minist\u00e8re des technologies de la communication annonce la cl\u00f4ture de son projet \u00ab les zones blanches \u00bb qui entrait dans le cadre du Plan National Strat\u00e9gique \u00ab Tunisie Digitale 2020 \u00bb, ce projet pilote sur le plan national s\u2019inscrit dans l\u2019optique d\u2019une soci\u00e9t\u00e9 de l\u2019information et de la communication pour tous, en g\u00e9n\u00e9ralisant l\u2019acc\u00e8s r\u00e9seau et\u00a0 la connectivit\u00e9 haut d\u00e9bit sur les zones priv\u00e9es de cette couverture.<br \/>\nTunisie Telecom, \u00e9tant l\u2019op\u00e9rateur qui a remport\u00e9 l\u2019appel d\u2019offres national lanc\u00e9 par le minist\u00e8re en 2017, a \u00e9t\u00e9 charg\u00e9 de couvrir en haut d\u00e9bit les zones blanches. Un projet financ\u00e9 par le Fonds de D\u00e9veloppement des Communications &#8230;<\/p>\n<\/div>\n<p>Auteur:<br \/>\n<a href=\"https:\/\/www.leaders.com.tn\/article\/33531-le-ministere-des-technologies-de-la-communication-annonce-la-cloture-du-projet-des-zones-blanches\">Cliquez ici pour lire l&rsquo;article depuis sa source.<\/a><\/p>\n","protected":false},"excerpt":{"rendered":"<p>Le Minist\u00e8re des technologies de la communication annonce la cl\u00f4ture de son projet \u00ab les zones blanches \u00bb qui entrait dans le cadre du Plan National Strat\u00e9gique \u00ab Tunisie Digitale 2020 \u00bb, ce projet pilote sur le plan national s\u2019inscrit dans l\u2019optique d\u2019une soci\u00e9t\u00e9 de l\u2019information et de la communication pour tous, en g\u00e9n\u00e9ralisant l\u2019acc\u00e8s [&hellip;]<\/p>\n","protected":false},"author":1772,"featured_media":0,"comment_status":"closed","ping_status":"closed","sticky":false,"template":"","format":"standard","meta":{"fifu_image_url":"http:\/\/www.leaders.com.tn\/uploads\/content\/thumbnails_small\/1656083712_article.jpg","fifu_image_alt":"Le Minist\u00e8re des technologies de la communication annonce  la cl\u00f4ture  du projet des zones blanches","footnotes":""},"categories":[73,55],"tags":[],"class_list":["post-150945","post","type-post","status-publish","format-standard","hentry","category-actualite","category-tunisie"],"_links":{"self":[{"href":"https:\/\/linitiative.ca\/International\/wp-json\/wp\/v2\/posts\/150945","targetHints":{"allow":["GET"]}}],"collection":[{"href":"https:\/\/linitiative.ca\/International\/wp-json\/wp\/v2\/posts"}],"about":[{"href":"https:\/\/linitiative.ca\/International\/wp-json\/wp\/v2\/types\/post"}],"author":[{"embeddable":true,"href":"https:\/\/linitiative.ca\/International\/wp-json\/wp\/v2\/users\/1772"}],"replies":[{"embeddable":true,"href":"https:\/\/linitiative.ca\/International\/wp-json\/wp\/v2\/comments?post=150945"}],"version-history":[{"count":0,"href":"https:\/\/linitiative.ca\/International\/wp-json\/wp\/v2\/posts\/150945\/revisions"}],"wp:attachment":[{"href":"https:\/\/linitiative.ca\/International\/wp-json\/wp\/v2\/media?parent=150945"}],"wp:term":[{"taxonomy":"category","embeddable":true,"href":"https:\/\/linitiative.ca\/International\/wp-json\/wp\/v2\/categories?post=150945"},{"taxonomy":"post_tag","embeddable":true,"href":"https:\/\/linitiative.ca\/International\/wp-json\/wp\/v2\/tags?post=150945"}],"curies":[{"name":"wp","href":"https:\/\/api.w.org\/{rel}","templated":true}]}}