{"id":150947,"date":"2022-06-24T14:33:17","date_gmt":"2022-06-24T18:33:17","guid":{"rendered":"https:\/\/linitiative.ca\/International\/affaire-csc-ftf-le-dossier-du-cs-chebba-sur-les-tablettes-du-tas\/"},"modified":"2022-06-24T14:33:17","modified_gmt":"2022-06-24T18:33:17","slug":"affaire-csc-ftf-le-dossier-du-cs-chebba-sur-les-tablettes-du-tas","status":"publish","type":"post","link":"https:\/\/linitiative.ca\/International\/affaire-csc-ftf-le-dossier-du-cs-chebba-sur-les-tablettes-du-tas\/","title":{"rendered":"Affaire CSC \u2013 FTF : le dossier du CS Chebba sur les tablettes du TAS"},"content":{"rendered":"<div>\n<p>Enfin le dossier du CS Chebba est sur les tablettes du TAS. C\u2019est ce qu\u2019a confirm\u00e9 le comit\u00e9 directeur chebbien sur sa page FB, il y a peu de temps. On attend alors le verdict et les cons\u00e9quences de la d\u00e9cision du TAS dans les prochains jours \u2026<\/p>\n<p>L\u2019article <a href=\"https:\/\/sport.tunisienumerique.com\/affaire-csc-ftf-le-dossier-du-cs-chebba-sur-les-tablettes-du-tas\/\">Affaire CSC \u2013 FTF : le dossier du CS Chebba sur les tablettes du TAS<\/a> est apparu en premier sur <a href=\"http:\/\/www.tunisienumerique.com\/\">Tunisie<\/a>.<\/p>\n<\/div>\n<p>Auteur: Hamza Ben Khlifa<br \/>\n<a href=\"https:\/\/sport.tunisienumerique.com\/affaire-csc-ftf-le-dossier-du-cs-chebba-sur-les-tablettes-du-tas\/\">Cliquez ici pour lire l&rsquo;article depuis sa source.<\/a><\/p>\n","protected":false},"excerpt":{"rendered":"<p>Enfin le dossier du CS Chebba est sur les tablettes du TAS. C\u2019est ce qu\u2019a confirm\u00e9 le comit\u00e9 directeur chebbien sur sa page FB, il y a peu de temps. On attend alors le verdict et les cons\u00e9quences de la d\u00e9cision du TAS dans les prochains jours \u2026 L\u2019article Affaire CSC \u2013 FTF : le [&hellip;]<\/p>\n","protected":false},"author":1789,"featured_media":0,"comment_status":"closed","ping_status":"closed","sticky":false,"template":"","format":"standard","meta":{"fifu_image_url":"","fifu_image_alt":"","footnotes":""},"categories":[73,55],"tags":[],"class_list":["post-150947","post","type-post","status-publish","format-standard","hentry","category-actualite","category-tunisie"],"_links":{"self":[{"href":"https:\/\/linitiative.ca\/International\/wp-json\/wp\/v2\/posts\/150947","targetHints":{"allow":["GET"]}}],"collection":[{"href":"https:\/\/linitiative.ca\/International\/wp-json\/wp\/v2\/posts"}],"about":[{"href":"https:\/\/linitiative.ca\/International\/wp-json\/wp\/v2\/types\/post"}],"author":[{"embeddable":true,"href":"https:\/\/linitiative.ca\/International\/wp-json\/wp\/v2\/users\/1789"}],"replies":[{"embeddable":true,"href":"https:\/\/linitiative.ca\/International\/wp-json\/wp\/v2\/comments?post=150947"}],"version-history":[{"count":0,"href":"https:\/\/linitiative.ca\/International\/wp-json\/wp\/v2\/posts\/150947\/revisions"}],"wp:attachment":[{"href":"https:\/\/linitiative.ca\/International\/wp-json\/wp\/v2\/media?parent=150947"}],"wp:term":[{"taxonomy":"category","embeddable":true,"href":"https:\/\/linitiative.ca\/International\/wp-json\/wp\/v2\/categories?post=150947"},{"taxonomy":"post_tag","embeddable":true,"href":"https:\/\/linitiative.ca\/International\/wp-json\/wp\/v2\/tags?post=150947"}],"curies":[{"name":"wp","href":"https:\/\/api.w.org\/{rel}","templated":true}]}}