{"id":150949,"date":"2022-06-24T16:31:47","date_gmt":"2022-06-24T20:31:47","guid":{"rendered":"https:\/\/linitiative.ca\/International\/lavenir-des-classes-moyenne-et-pauvre-dependra-plus-des-choix-du-gouvernement-que-des-recommandations-des-bailleurs-de-fonds-3-3\/"},"modified":"2022-06-24T16:31:47","modified_gmt":"2022-06-24T20:31:47","slug":"lavenir-des-classes-moyenne-et-pauvre-dependra-plus-des-choix-du-gouvernement-que-des-recommandations-des-bailleurs-de-fonds-3-3","status":"publish","type":"post","link":"https:\/\/linitiative.ca\/International\/lavenir-des-classes-moyenne-et-pauvre-dependra-plus-des-choix-du-gouvernement-que-des-recommandations-des-bailleurs-de-fonds-3-3\/","title":{"rendered":"L\u2019avenir des classes moyenne et pauvre d\u00e9pendra plus des choix du gouvernement que des recommandations des bailleurs de fonds ! (3\/3)"},"content":{"rendered":"<div>\n<p>La cheffe du gouvernement Najla Bouden, a d\u00e9clar\u00e9 hier jeudi 23 juin lors de l\u2019ouverture du forum de Tunis pour l\u2019investissement que l\u2019annonce du fonds mon\u00e9taire international qu\u2019il est pr\u00eat pour entamer des n\u00e9gociations avec la Tunisie, en vue d\u2019un nouveau programme, est la preuve de la cr\u00e9dibilit\u00e9 et du r\u00e9alisme du programme pr\u00e9sent\u00e9 par [\u2026]<\/p>\n<p>L\u2019article <a href=\"https:\/\/www.tunisienumerique.com\/lavenir-des-classes-moyenne-et-pauvre-dependra-plus-des-choix-du-gouvernement-que-des-recommandations-des-bailleurs-de-fonds-3-3\/\">L\u2019avenir des classes moyenne et pauvre d\u00e9pendra plus des choix du gouvernement que des recommandations des bailleurs de fonds ! (3\/3)<\/a> est apparu en premier sur <a href=\"http:\/\/www.tunisienumerique.com\/\">Tunisie<\/a>.<\/p>\n<\/div>\n<p>Auteur: Mohamed Ben Abderrazek<br \/>\n<a href=\"https:\/\/www.tunisienumerique.com\/lavenir-des-classes-moyenne-et-pauvre-dependra-plus-des-choix-du-gouvernement-que-des-recommandations-des-bailleurs-de-fonds-3-3\/\">Cliquez ici pour lire l&rsquo;article depuis sa source.<\/a><\/p>\n","protected":false},"excerpt":{"rendered":"<p>La cheffe du gouvernement Najla Bouden, a d\u00e9clar\u00e9 hier jeudi 23 juin lors de l\u2019ouverture du forum de Tunis pour l\u2019investissement que l\u2019annonce du fonds mon\u00e9taire international qu\u2019il est pr\u00eat pour entamer des n\u00e9gociations avec la Tunisie, en vue d\u2019un nouveau programme, est la preuve de la cr\u00e9dibilit\u00e9 et du r\u00e9alisme du programme pr\u00e9sent\u00e9 par [&hellip;]<\/p>\n","protected":false},"author":1789,"featured_media":0,"comment_status":"closed","ping_status":"closed","sticky":false,"template":"","format":"standard","meta":{"fifu_image_url":"","fifu_image_alt":"","footnotes":""},"categories":[73,55],"tags":[],"class_list":["post-150949","post","type-post","status-publish","format-standard","hentry","category-actualite","category-tunisie"],"_links":{"self":[{"href":"https:\/\/linitiative.ca\/International\/wp-json\/wp\/v2\/posts\/150949","targetHints":{"allow":["GET"]}}],"collection":[{"href":"https:\/\/linitiative.ca\/International\/wp-json\/wp\/v2\/posts"}],"about":[{"href":"https:\/\/linitiative.ca\/International\/wp-json\/wp\/v2\/types\/post"}],"author":[{"embeddable":true,"href":"https:\/\/linitiative.ca\/International\/wp-json\/wp\/v2\/users\/1789"}],"replies":[{"embeddable":true,"href":"https:\/\/linitiative.ca\/International\/wp-json\/wp\/v2\/comments?post=150949"}],"version-history":[{"count":0,"href":"https:\/\/linitiative.ca\/International\/wp-json\/wp\/v2\/posts\/150949\/revisions"}],"wp:attachment":[{"href":"https:\/\/linitiative.ca\/International\/wp-json\/wp\/v2\/media?parent=150949"}],"wp:term":[{"taxonomy":"category","embeddable":true,"href":"https:\/\/linitiative.ca\/International\/wp-json\/wp\/v2\/categories?post=150949"},{"taxonomy":"post_tag","embeddable":true,"href":"https:\/\/linitiative.ca\/International\/wp-json\/wp\/v2\/tags?post=150949"}],"curies":[{"name":"wp","href":"https:\/\/api.w.org\/{rel}","templated":true}]}}