{"id":150950,"date":"2022-06-24T16:47:30","date_gmt":"2022-06-24T20:47:30","guid":{"rendered":"https:\/\/linitiative.ca\/International\/la-tunisie-a-la-2-eme-place-au-monde-dans-la-formation-universitaire-des-sciences-en-technologies-ingenierie-et-les-mathematiques\/"},"modified":"2022-06-24T16:47:30","modified_gmt":"2022-06-24T20:47:30","slug":"la-tunisie-a-la-2-eme-place-au-monde-dans-la-formation-universitaire-des-sciences-en-technologies-ingenierie-et-les-mathematiques","status":"publish","type":"post","link":"https:\/\/linitiative.ca\/International\/la-tunisie-a-la-2-eme-place-au-monde-dans-la-formation-universitaire-des-sciences-en-technologies-ingenierie-et-les-mathematiques\/","title":{"rendered":"La Tunisie \u00e0 la 2 \u00e9me place au monde dans la formation universitaire des  sciences en technologies ,ing\u00e9nierie  et les  math\u00e9matiques"},"content":{"rendered":"<div>\n<p>La Tunisie pointe \u00e0 la 2 \u00e9me place \u00e0 l\u2019\u00e9chelle mondiale au classement de la\u00a0 formation universitaire dans les \u00a0sp\u00e9cialit\u00e9s des \u00a0sciences technologiques ,l\u2019engineering et les\u00a0 math\u00e9matiques .Une information relay\u00e9e par le ministre de l\u2019enseignement sup\u00e9rieur et de la recherche scientifique \u00a0\u00e0 l\u2019occasion de sa participation \u00e0 un Workshop dans le cadre du Forum de\u00a0 [\u2026]<\/p>\n<p>L\u2019article <a href=\"https:\/\/www.tunisienumerique.com\/la-tunisie-a-la-2-eme-place-au-monde-dans-la-formation-universitaire-des-sciences-en-technologies-ingenierie-et-les-mathematiques\/\">La Tunisie \u00e0 la 2 \u00e9me place au monde dans la formation universitaire des  sciences en technologies ,ing\u00e9nierie  et les  math\u00e9matiques<\/a> est apparu en premier sur <a href=\"http:\/\/www.tunisienumerique.com\/\">Tunisie<\/a>.<\/p>\n<\/div>\n<p>Auteur: Hafedh Trabelsi<br \/>\n<a href=\"https:\/\/www.tunisienumerique.com\/la-tunisie-a-la-2-eme-place-au-monde-dans-la-formation-universitaire-des-sciences-en-technologies-ingenierie-et-les-mathematiques\/\">Cliquez ici pour lire l&rsquo;article depuis sa source.<\/a><\/p>\n","protected":false},"excerpt":{"rendered":"<p>La Tunisie pointe \u00e0 la 2 \u00e9me place \u00e0 l\u2019\u00e9chelle mondiale au classement de la\u00a0 formation universitaire dans les \u00a0sp\u00e9cialit\u00e9s des \u00a0sciences technologiques ,l\u2019engineering et les\u00a0 math\u00e9matiques .Une information relay\u00e9e par le ministre de l\u2019enseignement sup\u00e9rieur et de la recherche scientifique \u00a0\u00e0 l\u2019occasion de sa participation \u00e0 un Workshop dans le cadre du Forum de\u00a0 [&hellip;]<\/p>\n","protected":false},"author":1789,"featured_media":0,"comment_status":"closed","ping_status":"closed","sticky":false,"template":"","format":"standard","meta":{"fifu_image_url":"","fifu_image_alt":"","footnotes":""},"categories":[73,55],"tags":[],"class_list":["post-150950","post","type-post","status-publish","format-standard","hentry","category-actualite","category-tunisie"],"_links":{"self":[{"href":"https:\/\/linitiative.ca\/International\/wp-json\/wp\/v2\/posts\/150950","targetHints":{"allow":["GET"]}}],"collection":[{"href":"https:\/\/linitiative.ca\/International\/wp-json\/wp\/v2\/posts"}],"about":[{"href":"https:\/\/linitiative.ca\/International\/wp-json\/wp\/v2\/types\/post"}],"author":[{"embeddable":true,"href":"https:\/\/linitiative.ca\/International\/wp-json\/wp\/v2\/users\/1789"}],"replies":[{"embeddable":true,"href":"https:\/\/linitiative.ca\/International\/wp-json\/wp\/v2\/comments?post=150950"}],"version-history":[{"count":0,"href":"https:\/\/linitiative.ca\/International\/wp-json\/wp\/v2\/posts\/150950\/revisions"}],"wp:attachment":[{"href":"https:\/\/linitiative.ca\/International\/wp-json\/wp\/v2\/media?parent=150950"}],"wp:term":[{"taxonomy":"category","embeddable":true,"href":"https:\/\/linitiative.ca\/International\/wp-json\/wp\/v2\/categories?post=150950"},{"taxonomy":"post_tag","embeddable":true,"href":"https:\/\/linitiative.ca\/International\/wp-json\/wp\/v2\/tags?post=150950"}],"curies":[{"name":"wp","href":"https:\/\/api.w.org\/{rel}","templated":true}]}}