{"id":150951,"date":"2022-06-24T16:58:43","date_gmt":"2022-06-24T20:58:43","guid":{"rendered":"https:\/\/linitiative.ca\/International\/kais-said-lhistoire-retiendra-ce-qui-na-pas-ete-realise-en-10-ans-et-accompli-en-5-jours\/"},"modified":"2022-06-24T16:58:43","modified_gmt":"2022-06-24T20:58:43","slug":"kais-said-lhistoire-retiendra-ce-qui-na-pas-ete-realise-en-10-ans-et-accompli-en-5-jours","status":"publish","type":"post","link":"https:\/\/linitiative.ca\/International\/kais-said-lhistoire-retiendra-ce-qui-na-pas-ete-realise-en-10-ans-et-accompli-en-5-jours\/","title":{"rendered":"Kais Said :l\u2019histoire retiendra ce qui n\u2019a pas \u00e9t\u00e9 r\u00e9alis\u00e9 en 10 ans et accompli en 5 jours"},"content":{"rendered":"<div>\n<p>Le pr\u00e9sident Kais Said a rehauss\u00e9 de sa pr\u00e9sence aujourd\u2019hui l\u2019inauguration de l\u2019\u00e9tablissement \u201cFidaa\u201d qui a pour mission de tendre la perche et venir en aide aux familles des martyrs et victimes\u00a0 de la r\u00e9volution , de l\u2019arm\u00e9e , et les agents de la s\u00e9curit\u00e9\u00a0 . Saluant\u00a0 les tunisiens qui ont fait don \u00e0 cette [\u2026]<\/p>\n<p>L\u2019article <a href=\"https:\/\/www.tunisienumerique.com\/kais-said-lhistoire-retiendra-ce-qui-na-pas-ete-realise-en-10-ans-et-accompli-en-5-jours\/\">Kais Said :l\u2019histoire retiendra ce qui n\u2019a pas \u00e9t\u00e9 r\u00e9alis\u00e9 en 10 ans et accompli en 5 jours<\/a> est apparu en premier sur <a href=\"http:\/\/www.tunisienumerique.com\/\">Tunisie<\/a>.<\/p>\n<\/div>\n<p>Auteur: Hafedh Trabelsi<br \/>\n<a href=\"https:\/\/www.tunisienumerique.com\/kais-said-lhistoire-retiendra-ce-qui-na-pas-ete-realise-en-10-ans-et-accompli-en-5-jours\/\">Cliquez ici pour lire l&rsquo;article depuis sa source.<\/a><\/p>\n","protected":false},"excerpt":{"rendered":"<p>Le pr\u00e9sident Kais Said a rehauss\u00e9 de sa pr\u00e9sence aujourd\u2019hui l\u2019inauguration de l\u2019\u00e9tablissement \u201cFidaa\u201d qui a pour mission de tendre la perche et venir en aide aux familles des martyrs et victimes\u00a0 de la r\u00e9volution , de l\u2019arm\u00e9e , et les agents de la s\u00e9curit\u00e9\u00a0 . Saluant\u00a0 les tunisiens qui ont fait don \u00e0 cette [&hellip;]<\/p>\n","protected":false},"author":1789,"featured_media":0,"comment_status":"closed","ping_status":"closed","sticky":false,"template":"","format":"standard","meta":{"fifu_image_url":"","fifu_image_alt":"","footnotes":""},"categories":[73,55],"tags":[],"class_list":["post-150951","post","type-post","status-publish","format-standard","hentry","category-actualite","category-tunisie"],"_links":{"self":[{"href":"https:\/\/linitiative.ca\/International\/wp-json\/wp\/v2\/posts\/150951","targetHints":{"allow":["GET"]}}],"collection":[{"href":"https:\/\/linitiative.ca\/International\/wp-json\/wp\/v2\/posts"}],"about":[{"href":"https:\/\/linitiative.ca\/International\/wp-json\/wp\/v2\/types\/post"}],"author":[{"embeddable":true,"href":"https:\/\/linitiative.ca\/International\/wp-json\/wp\/v2\/users\/1789"}],"replies":[{"embeddable":true,"href":"https:\/\/linitiative.ca\/International\/wp-json\/wp\/v2\/comments?post=150951"}],"version-history":[{"count":0,"href":"https:\/\/linitiative.ca\/International\/wp-json\/wp\/v2\/posts\/150951\/revisions"}],"wp:attachment":[{"href":"https:\/\/linitiative.ca\/International\/wp-json\/wp\/v2\/media?parent=150951"}],"wp:term":[{"taxonomy":"category","embeddable":true,"href":"https:\/\/linitiative.ca\/International\/wp-json\/wp\/v2\/categories?post=150951"},{"taxonomy":"post_tag","embeddable":true,"href":"https:\/\/linitiative.ca\/International\/wp-json\/wp\/v2\/tags?post=150951"}],"curies":[{"name":"wp","href":"https:\/\/api.w.org\/{rel}","templated":true}]}}