{"id":150954,"date":"2022-06-24T13:19:14","date_gmt":"2022-06-24T17:19:14","guid":{"rendered":"https:\/\/linitiative.ca\/International\/cedeao-les-presidents-alassane-ouattara-et-mohamed-bazoum-preparent-le-sommet-du-03-juillet-prochain\/"},"modified":"2022-06-24T13:19:14","modified_gmt":"2022-06-24T17:19:14","slug":"cedeao-les-presidents-alassane-ouattara-et-mohamed-bazoum-preparent-le-sommet-du-03-juillet-prochain","status":"publish","type":"post","link":"https:\/\/linitiative.ca\/International\/cedeao-les-presidents-alassane-ouattara-et-mohamed-bazoum-preparent-le-sommet-du-03-juillet-prochain\/","title":{"rendered":"CEDEAO : Les pr\u00e9sidents Alassane Ouattara et Mohamed Bazoum pr\u00e9parent le sommet du 03 juillet prochain"},"content":{"rendered":"<div>\n<p><em>\u00ab Tr\u00e8s heureux d\u2019accueillir mon fr\u00e8re, le Pr\u00e9sident Mohamed Bazoum, en visite officielle en C\u00f4te d\u2019Ivoire. Nous sommes d\u00e9termin\u00e9s \u00e0 renforcer nos relations d\u2019amiti\u00e9 et de fraternit\u00e9 ainsi que le partenariat strat\u00e9gique entre nos deux pays dans tous les domaines \u00bb, <\/em>avait annonc\u00e9 le pr\u00e9sident ivoirien Alassane Ouattara sur son compte twitter.<\/p>\n<p>Mais cette visite officielle du pr\u00e9sident nig\u00e9rien Mohamed Bazoum en C\u00f4te d\u2019Ivoire avait aussi pour objectif d\u2019\u00abharmoniser(\u2026)\u00bb son point de vue avec son homologue Alassane Ouattara, avant le prochain sommet des dirigeants ouest-africains qui d\u00e9cidera de la lev\u00e9e ou non des \u00a0sanctions de la CEDEAO contre le Mali. Ce sommet de la CEDEAO, pr\u00e9vu \u00e0 Accra le 3 juillet 2022, se penchera encore sur les transitions au Mali, en Guin\u00e9e et au Burkina Faso.<\/p>\n<p><em>\u00abNous avons essay\u00e9 d\u2019harmoniser nos points de vue sur ces dossiers d\u00e9licats. Que ce soit le Burkina, le Mali ou la Guin\u00e9e, ce sont des pays avec lesquels nous voulons entretenir et d\u00e9velopper des relations de confiance et souhaiter que le processus d\u00e9mocratique avance\u00a0\u00bb<\/em>, a d\u00e9clar\u00e9 Alassane Ouattara lors d\u2019un point presse relay\u00e9 par l\u2019AFP.\u00a0<em>\u00ab\u00a0Nous sommes en train de conjuguer nos efforts pour accompagner ces pays fr\u00e8res \u00e0 se sortir de cette mauvaise passe\u00a0\u00bb,<\/em> a confirm\u00e9 Mohamed Bazoum.<\/p>\n<p>\u00a0<\/p>\n<p><strong>AK<\/strong><\/p>\n<\/div>\n<p>Auteur: Wamini SIDWAYA<br \/>\n<a href=\"https:\/\/www.sidwaya.info\/blog\/2022\/06\/24\/cedeao-les-presidents-alassane-ouattara-et-mohamed-bazoum-preparent-le-sommet-du-03-juillet-prochain\/\">Cliquez ici pour lire l&rsquo;article depuis sa source.<\/a><\/p>\n","protected":false},"excerpt":{"rendered":"<p>\u00ab Tr\u00e8s heureux d\u2019accueillir mon fr\u00e8re, le Pr\u00e9sident Mohamed Bazoum, en visite officielle en C\u00f4te d\u2019Ivoire. Nous sommes d\u00e9termin\u00e9s \u00e0 renforcer nos relations d\u2019amiti\u00e9 et de fraternit\u00e9 ainsi que le partenariat strat\u00e9gique entre nos deux pays dans tous les domaines \u00bb, avait annonc\u00e9 le pr\u00e9sident ivoirien Alassane Ouattara sur son compte twitter. Mais cette visite [&hellip;]<\/p>\n","protected":false},"author":1816,"featured_media":0,"comment_status":"closed","ping_status":"closed","sticky":false,"template":"","format":"standard","meta":{"fifu_image_url":"","fifu_image_alt":"","footnotes":""},"categories":[73,81],"tags":[],"class_list":["post-150954","post","type-post","status-publish","format-standard","hentry","category-actualite","category-burkina-faso"],"_links":{"self":[{"href":"https:\/\/linitiative.ca\/International\/wp-json\/wp\/v2\/posts\/150954","targetHints":{"allow":["GET"]}}],"collection":[{"href":"https:\/\/linitiative.ca\/International\/wp-json\/wp\/v2\/posts"}],"about":[{"href":"https:\/\/linitiative.ca\/International\/wp-json\/wp\/v2\/types\/post"}],"author":[{"embeddable":true,"href":"https:\/\/linitiative.ca\/International\/wp-json\/wp\/v2\/users\/1816"}],"replies":[{"embeddable":true,"href":"https:\/\/linitiative.ca\/International\/wp-json\/wp\/v2\/comments?post=150954"}],"version-history":[{"count":0,"href":"https:\/\/linitiative.ca\/International\/wp-json\/wp\/v2\/posts\/150954\/revisions"}],"wp:attachment":[{"href":"https:\/\/linitiative.ca\/International\/wp-json\/wp\/v2\/media?parent=150954"}],"wp:term":[{"taxonomy":"category","embeddable":true,"href":"https:\/\/linitiative.ca\/International\/wp-json\/wp\/v2\/categories?post=150954"},{"taxonomy":"post_tag","embeddable":true,"href":"https:\/\/linitiative.ca\/International\/wp-json\/wp\/v2\/tags?post=150954"}],"curies":[{"name":"wp","href":"https:\/\/api.w.org\/{rel}","templated":true}]}}