{"id":150955,"date":"2022-06-24T14:34:48","date_gmt":"2022-06-24T18:34:48","guid":{"rendered":"https:\/\/linitiative.ca\/International\/mondial-de-football-qatar-2022-chaque-equipe-qualifiee-peut-convoquer-26-joueurs-au-lieu-de-23\/"},"modified":"2022-06-24T14:34:48","modified_gmt":"2022-06-24T18:34:48","slug":"mondial-de-football-qatar-2022-chaque-equipe-qualifiee-peut-convoquer-26-joueurs-au-lieu-de-23","status":"publish","type":"post","link":"https:\/\/linitiative.ca\/International\/mondial-de-football-qatar-2022-chaque-equipe-qualifiee-peut-convoquer-26-joueurs-au-lieu-de-23\/","title":{"rendered":"Mondial de football Qatar 2022: chaque \u00e9quipe qualifi\u00e9e peut convoquer 26 joueurs au lieu de 23"},"content":{"rendered":"<div>\n<p>Pour la Coupe du Monde de football \u00a02022 au Qatar, le nombre de joueurs par \u00e9quipe qualifi\u00e9e passera \u00e0 26 contre 23 actuellement.<\/p>\n<p>La d\u00e9cision a \u00e9t\u00e9 prise par la F\u00e9d\u00e9ration international de football (FIFA), qui l\u2019a annonc\u00e9 travers \u00a0un communiqu\u00e9 publi\u00e9 jeudi 23 juin.<\/p>\n<p>Au total, 26 personnes (jusqu\u2019\u00e0 15 rempla\u00e7ants et 11 officiels, dont le m\u00e9decin d\u2019\u00e9quipe) au maximum seront autoris\u00e9es \u00e0 prendre place sur le banc de touche.<\/p>\n<p>La liste provisoire passe aussi de 35 joueurs \u00e0 55 pr\u00e9c\u00e9demment. La 22<sup>e<\/sup> \u00e9dition de la Coupe du monde de football se d\u00e9roulera au Qatar en novembre 2022 avec \u00a032 nations.<\/p>\n<p><strong>AK<\/strong><\/p>\n<p><strong>(AFP et AA)<\/strong><\/p>\n<\/div>\n<p>Auteur: Wamini SIDWAYA<br \/>\n<a href=\"https:\/\/www.sidwaya.info\/blog\/2022\/06\/24\/mondial-de-football-qatar-2022-chaque-equipe-qualifiee-peut-convoquer-26-joueurs-au-lieu-de-23\/\">Cliquez ici pour lire l&rsquo;article depuis sa source.<\/a><\/p>\n","protected":false},"excerpt":{"rendered":"<p>Pour la Coupe du Monde de football \u00a02022 au Qatar, le nombre de joueurs par \u00e9quipe qualifi\u00e9e passera \u00e0 26 contre 23 actuellement. La d\u00e9cision a \u00e9t\u00e9 prise par la F\u00e9d\u00e9ration international de football (FIFA), qui l\u2019a annonc\u00e9 travers \u00a0un communiqu\u00e9 publi\u00e9 jeudi 23 juin. Au total, 26 personnes (jusqu\u2019\u00e0 15 rempla\u00e7ants et 11 officiels, [&hellip;]<\/p>\n","protected":false},"author":1816,"featured_media":0,"comment_status":"closed","ping_status":"closed","sticky":false,"template":"","format":"standard","meta":{"fifu_image_url":"","fifu_image_alt":"","footnotes":""},"categories":[73,81],"tags":[],"class_list":["post-150955","post","type-post","status-publish","format-standard","hentry","category-actualite","category-burkina-faso"],"_links":{"self":[{"href":"https:\/\/linitiative.ca\/International\/wp-json\/wp\/v2\/posts\/150955","targetHints":{"allow":["GET"]}}],"collection":[{"href":"https:\/\/linitiative.ca\/International\/wp-json\/wp\/v2\/posts"}],"about":[{"href":"https:\/\/linitiative.ca\/International\/wp-json\/wp\/v2\/types\/post"}],"author":[{"embeddable":true,"href":"https:\/\/linitiative.ca\/International\/wp-json\/wp\/v2\/users\/1816"}],"replies":[{"embeddable":true,"href":"https:\/\/linitiative.ca\/International\/wp-json\/wp\/v2\/comments?post=150955"}],"version-history":[{"count":0,"href":"https:\/\/linitiative.ca\/International\/wp-json\/wp\/v2\/posts\/150955\/revisions"}],"wp:attachment":[{"href":"https:\/\/linitiative.ca\/International\/wp-json\/wp\/v2\/media?parent=150955"}],"wp:term":[{"taxonomy":"category","embeddable":true,"href":"https:\/\/linitiative.ca\/International\/wp-json\/wp\/v2\/categories?post=150955"},{"taxonomy":"post_tag","embeddable":true,"href":"https:\/\/linitiative.ca\/International\/wp-json\/wp\/v2\/tags?post=150955"}],"curies":[{"name":"wp","href":"https:\/\/api.w.org\/{rel}","templated":true}]}}