{"id":150959,"date":"2022-06-24T11:32:17","date_gmt":"2022-06-24T15:32:17","guid":{"rendered":"https:\/\/linitiative.ca\/International\/cameroun-amougou-belinga-annonce-le-paiement-de-15-de-sa-dette-fiscale\/"},"modified":"2022-06-24T11:32:17","modified_gmt":"2022-06-24T15:32:17","slug":"cameroun-amougou-belinga-annonce-le-paiement-de-15-de-sa-dette-fiscale","status":"publish","type":"post","link":"https:\/\/linitiative.ca\/International\/cameroun-amougou-belinga-annonce-le-paiement-de-15-de-sa-dette-fiscale\/","title":{"rendered":"Cameroun : Amougou Belinga annonce le paiement de 15% de sa dette fiscale"},"content":{"rendered":"<div>\n<p><img decoding=\"async\" width=\"1746\" height=\"1080\" src=\"https:\/\/linitiative.ca\/International\/wp-content\/uploads\/sites\/23\/2022\/06\/AMOUGOU-BELINGA.jpg\" class=\"attachment-post-thumbnail size-post-thumbnail wp-post-image\" alt=\"\" loading=\"lazy\" srcset=\"https:\/\/linitiative.ca\/International\/wp-content\/uploads\/sites\/23\/2022\/06\/AMOUGOU-BELINGA.jpg 1746w, https:\/\/www.journalducameroun.com\/wp-content\/uploads\/2022\/06\/AMOUGOU-BELINGA-300x186.jpg 300w, https:\/\/www.journalducameroun.com\/wp-content\/uploads\/2022\/06\/AMOUGOU-BELINGA-1024x633.jpg 1024w, https:\/\/www.journalducameroun.com\/wp-content\/uploads\/2022\/06\/AMOUGOU-BELINGA-768x475.jpg 768w, https:\/\/www.journalducameroun.com\/wp-content\/uploads\/2022\/06\/AMOUGOU-BELINGA-1536x950.jpg 1536w, https:\/\/www.journalducameroun.com\/wp-content\/uploads\/2022\/06\/AMOUGOU-BELINGA-711x440.jpg 711w, https:\/\/www.journalducameroun.com\/wp-content\/uploads\/2022\/06\/AMOUGOU-BELINGA-600x371.jpg 600w\" sizes=\"auto, (max-width: 1746px) 100vw, 1746px\"><\/p>\n<h2 style=\"text-align: justify;\">Le Groupe Anecdote a annonc\u00e9 \u00e0 travers un communiqu\u00e9 le versement d\u2019une somme d\u2019un milliard sept cent millions de FCFA au tr\u00e9sor public.<\/h2>\n<p style=\"text-align: justify;\">Dans un communiqu\u00e9 diffus\u00e9 ce jeudi 23 juin, le Groupe Anecdote a annonc\u00e9 avoir vers\u00e9 la somme de 1. 700 000 000 millions d\u2019imp\u00f4ts au <strong>tr\u00e9sor public<\/strong>. Cette enveloppe financi\u00e8re repr\u00e9sente 15% de la somme r\u00e9clam\u00e9e par le minist\u00e8re des finances dans sa derni\u00e8re correspondance adress\u00e9e au Groupe Anecdote.<\/p>\n<p style=\"text-align: justify;\">Par cet acte, le richissime homme d\u2019affaires camerounais dit r\u00e9affirmer son caract\u00e8re citoyen et r\u00e9publicain. <strong>Jean-Pierre Amougou Belinga<\/strong> exige par ailleurs un traitement \u00e9quitable du fisc par rapport aux autres entreprises camerounaises.<\/p>\n<p style=\"text-align: justify;\">En effet, le patron du groupe l\u2019Anecdote, d\u00e9tenteur de la cha\u00eene <strong>Vision 4<\/strong>, avait vu ses comptes bancaires \u00eatre saisis pour d\u00e9faut de paiement. C\u2019\u00e9tait une note sign\u00e9e, le 09 mai 2022, par <strong>Enangue Serge Malfred<\/strong>, inspecteur de r\u00e9gies financi\u00e8res qui donne cette nouvelle.<\/p>\n<p style=\"text-align: justify;\">\u00ab\u00a0<em>Faisant suite au non-paiement de votre dette fiscale relative \u00e0 divers ARM, du 07 f\u00e9vrier 2022, d\u2019un solde de 17 milliards de FCFA, j\u2019ai l\u2019honneur de vous informer que des avis \u00e0 tiers d\u00e9tenteurs \u00a0et contraintes ext\u00e9rieures ont \u00e9t\u00e9 adress\u00e9s pour le recouvrement de ladite dette fiscale aux banques et postes ci-apr\u00e8s\u00a0: BGFI BANK, AFRILAND FIRST BANK, SCB-CAMEROUN, PAIERIE GENERALE DES TRESORS<\/em> \u00bb, lisait-on dans la note.<\/p>\n<p>Cet article <a rel=\"nofollow\" href=\"https:\/\/www.journalducameroun.com\/cameroun-amougou-belinga-annonce-le-paiement-de-15-de-sa-dette-fiscale\/\">Cameroun : Amougou Belinga annonce le paiement de 15% de sa dette fiscale<\/a> est apparu en premier sur <a rel=\"nofollow\" href=\"https:\/\/www.journalducameroun.com\/\">Journal du Cameroun<\/a>.<\/p>\n<\/div>\n<p>Auteur: Esther FOSSI<br \/>\n<a href=\"https:\/\/www.journalducameroun.com\/cameroun-amougou-belinga-annonce-le-paiement-de-15-de-sa-dette-fiscale\/\">Cliquez ici pour lire l&rsquo;article depuis sa source.<\/a><\/p>\n","protected":false},"excerpt":{"rendered":"<p>Le Groupe Anecdote a annonc\u00e9 \u00e0 travers un communiqu\u00e9 le versement d\u2019une somme d\u2019un milliard sept cent millions de FCFA au tr\u00e9sor public. Dans un communiqu\u00e9 diffus\u00e9 ce jeudi 23 juin, le Groupe Anecdote a annonc\u00e9 avoir vers\u00e9 la somme de 1. 700 000 000 millions d\u2019imp\u00f4ts au tr\u00e9sor public. Cette enveloppe financi\u00e8re repr\u00e9sente 15% [&hellip;]<\/p>\n","protected":false},"author":1965,"featured_media":0,"comment_status":"closed","ping_status":"closed","sticky":false,"template":"","format":"standard","meta":{"fifu_image_url":"https:\/\/www.journalducameroun.com\/wp-content\/uploads\/2022\/06\/AMOUGOU-BELINGA.jpg","fifu_image_alt":"Cameroun : Amougou Belinga annonce le paiement de 15% de sa dette fiscale","footnotes":""},"categories":[73,82],"tags":[],"class_list":["post-150959","post","type-post","status-publish","format-standard","hentry","category-actualite","category-cameroun"],"_links":{"self":[{"href":"https:\/\/linitiative.ca\/International\/wp-json\/wp\/v2\/posts\/150959","targetHints":{"allow":["GET"]}}],"collection":[{"href":"https:\/\/linitiative.ca\/International\/wp-json\/wp\/v2\/posts"}],"about":[{"href":"https:\/\/linitiative.ca\/International\/wp-json\/wp\/v2\/types\/post"}],"author":[{"embeddable":true,"href":"https:\/\/linitiative.ca\/International\/wp-json\/wp\/v2\/users\/1965"}],"replies":[{"embeddable":true,"href":"https:\/\/linitiative.ca\/International\/wp-json\/wp\/v2\/comments?post=150959"}],"version-history":[{"count":0,"href":"https:\/\/linitiative.ca\/International\/wp-json\/wp\/v2\/posts\/150959\/revisions"}],"wp:attachment":[{"href":"https:\/\/linitiative.ca\/International\/wp-json\/wp\/v2\/media?parent=150959"}],"wp:term":[{"taxonomy":"category","embeddable":true,"href":"https:\/\/linitiative.ca\/International\/wp-json\/wp\/v2\/categories?post=150959"},{"taxonomy":"post_tag","embeddable":true,"href":"https:\/\/linitiative.ca\/International\/wp-json\/wp\/v2\/tags?post=150959"}],"curies":[{"name":"wp","href":"https:\/\/api.w.org\/{rel}","templated":true}]}}