{"id":150961,"date":"2022-06-24T11:52:17","date_gmt":"2022-06-24T15:52:17","guid":{"rendered":"https:\/\/linitiative.ca\/International\/cameroun-vodafone-lance-une-operation-de-recyclage-de-telephones\/"},"modified":"2022-06-24T11:52:17","modified_gmt":"2022-06-24T15:52:17","slug":"cameroun-vodafone-lance-une-operation-de-recyclage-de-telephones","status":"publish","type":"post","link":"https:\/\/linitiative.ca\/International\/cameroun-vodafone-lance-une-operation-de-recyclage-de-telephones\/","title":{"rendered":"Cameroun : Vodafone lance une op\u00e9ration de recyclage de t\u00e9l\u00e9phones"},"content":{"rendered":"<div>\n<p><img decoding=\"async\" width=\"1250\" height=\"687\" src=\"https:\/\/linitiative.ca\/International\/wp-content\/uploads\/sites\/23\/2022\/06\/phone.jpg\" class=\"attachment-post-thumbnail size-post-thumbnail wp-post-image\" alt=\"\" loading=\"lazy\" srcset=\"https:\/\/linitiative.ca\/International\/wp-content\/uploads\/sites\/23\/2022\/06\/phone.jpg 1250w, https:\/\/www.journalducameroun.com\/wp-content\/uploads\/2022\/06\/phone-300x165.jpg 300w, https:\/\/www.journalducameroun.com\/wp-content\/uploads\/2022\/06\/phone-1024x563.jpg 1024w, https:\/\/www.journalducameroun.com\/wp-content\/uploads\/2022\/06\/phone-768x422.jpg 768w, https:\/\/www.journalducameroun.com\/wp-content\/uploads\/2022\/06\/phone-801x440.jpg 801w, https:\/\/www.journalducameroun.com\/wp-content\/uploads\/2022\/06\/phone-600x330.jpg 600w\" sizes=\"auto, (max-width: 1250px) 100vw, 1250px\"><\/p>\n<h2 style=\"text-align: justify;\">La soci\u00e9t\u00e9 n\u00e9erlandaise Closing the Loop participera \u00e0 l\u2019effort de collecte de vieux t\u00e9l\u00e9phones provenant principalement du Nigeria, du Ghana et du Cameroun et les transportera en Europe pour y \u00eatre recycl\u00e9s.<\/h2>\n<p style=\"text-align: justify;\">Dans le cadre de sa d\u00e9marche <strong>RSE<\/strong> (responsabilit\u00e9 sociale des entreprises), l\u2019op\u00e9rateur de t\u00e9l\u00e9communications britannique Vodafone va recycler plus d\u2019un million d\u2019appareils \u00e9lectroniques, dont des t\u00e9l\u00e9phones portables usag\u00e9s, sur le continent africain. La premi\u00e8re phase de cette initiative sera mise en \u0153uvre <em>\u00e0 travers de<\/em> sa filiale allemande au Nigeria, au Ghana et au <strong>Cameroun<\/strong>.<\/p>\n<p style=\"text-align: justify;\">Le projet partagera les b\u00e9n\u00e9fices avec des partenaires sur le terrain, notamment des \u00e9glises, des centres communautaires ou des ateliers de r\u00e9paration. Les pays en question n\u2019ont pas de capacit\u00e9 de recyclage s\u00fbre, les d\u00e9chets seront donc transport\u00e9s par bateau vers l\u2019Europe.<\/p>\n<p style=\"text-align: justify;\"><strong>Vodafone<\/strong> soutiendra \u00e9galement <strong>Closing the Loop<\/strong> pour construire des infrastructures de recyclage dans les pays en d\u00e9veloppement, \u00e9liminant ainsi le besoin de transporter les d\u00e9chets et cr\u00e9ant de nombreux autres emplois dans ces pays.<\/p>\n<p style=\"text-align: justify;\"><em>\u00ab Le recyclage ne suffit pas. La dur\u00e9e de conservation devrait \u00e9galement \u00eatre prolong\u00e9e. Le projet partagera les b\u00e9n\u00e9fices avec des partenaires sur le terrain, notamment des \u00e9glises, des centres communautaires ou des ateliers de r\u00e9paration. Par cons\u00e9quent, les d\u00e9chets seront transport\u00e9s par bateau vers l\u2019Europe \u00bb<\/em>d\u00e9clare Andreas Laukenmann, responsable de la division clients priv\u00e9s chez Vodafone Allemagne. Pour mener \u00e0 bien cette op\u00e9ration, Vodafone Allemagne collaborera avec la soci\u00e9t\u00e9 n\u00e9erlandaise Closing the Loop, qui collectera les appareils.<\/p>\n<p style=\"text-align: justify;\">\u00c0 terme, le Programme pour la gestion durable des d\u00e9chets \u00e9lectroniques initi\u00e9 par le groupe britannique Vodafone permettra de r\u00e9duire l\u2019impact de 2,9 millions de tonnes de d\u00e9chets \u00e9lectroniques que le continent enregistre chaque ann\u00e9e selon le <strong>Global E-waste Monitor<\/strong>.<\/p>\n<p style=\"text-align: justify;\">\n<p>Cet article <a rel=\"nofollow\" href=\"https:\/\/www.journalducameroun.com\/cameroun-vodafone-lance-une-operation-de-recyclage-de-telephones\/\">Cameroun : Vodafone lance une op\u00e9ration de recyclage de t\u00e9l\u00e9phones<\/a> est apparu en premier sur <a rel=\"nofollow\" href=\"https:\/\/www.journalducameroun.com\/\">Journal du Cameroun<\/a>.<\/p>\n<\/div>\n<p>Auteur: Esther FOSSI<br \/>\n<a href=\"https:\/\/www.journalducameroun.com\/cameroun-vodafone-lance-une-operation-de-recyclage-de-telephones\/\">Cliquez ici pour lire l&rsquo;article depuis sa source.<\/a><\/p>\n","protected":false},"excerpt":{"rendered":"<p>La soci\u00e9t\u00e9 n\u00e9erlandaise Closing the Loop participera \u00e0 l\u2019effort de collecte de vieux t\u00e9l\u00e9phones provenant principalement du Nigeria, du Ghana et du Cameroun et les transportera en Europe pour y \u00eatre recycl\u00e9s. Dans le cadre de sa d\u00e9marche RSE (responsabilit\u00e9 sociale des entreprises), l\u2019op\u00e9rateur de t\u00e9l\u00e9communications britannique Vodafone va recycler plus d\u2019un million d\u2019appareils \u00e9lectroniques, [&hellip;]<\/p>\n","protected":false},"author":1965,"featured_media":0,"comment_status":"closed","ping_status":"closed","sticky":false,"template":"","format":"standard","meta":{"fifu_image_url":"https:\/\/www.journalducameroun.com\/wp-content\/uploads\/2022\/06\/phone.jpg","fifu_image_alt":"Cameroun : Vodafone lance une op\u00e9ration de recyclage de t\u00e9l\u00e9phones","footnotes":""},"categories":[73,82],"tags":[],"class_list":["post-150961","post","type-post","status-publish","format-standard","hentry","category-actualite","category-cameroun"],"_links":{"self":[{"href":"https:\/\/linitiative.ca\/International\/wp-json\/wp\/v2\/posts\/150961","targetHints":{"allow":["GET"]}}],"collection":[{"href":"https:\/\/linitiative.ca\/International\/wp-json\/wp\/v2\/posts"}],"about":[{"href":"https:\/\/linitiative.ca\/International\/wp-json\/wp\/v2\/types\/post"}],"author":[{"embeddable":true,"href":"https:\/\/linitiative.ca\/International\/wp-json\/wp\/v2\/users\/1965"}],"replies":[{"embeddable":true,"href":"https:\/\/linitiative.ca\/International\/wp-json\/wp\/v2\/comments?post=150961"}],"version-history":[{"count":0,"href":"https:\/\/linitiative.ca\/International\/wp-json\/wp\/v2\/posts\/150961\/revisions"}],"wp:attachment":[{"href":"https:\/\/linitiative.ca\/International\/wp-json\/wp\/v2\/media?parent=150961"}],"wp:term":[{"taxonomy":"category","embeddable":true,"href":"https:\/\/linitiative.ca\/International\/wp-json\/wp\/v2\/categories?post=150961"},{"taxonomy":"post_tag","embeddable":true,"href":"https:\/\/linitiative.ca\/International\/wp-json\/wp\/v2\/tags?post=150961"}],"curies":[{"name":"wp","href":"https:\/\/api.w.org\/{rel}","templated":true}]}}