{"id":150963,"date":"2022-06-24T12:04:26","date_gmt":"2022-06-24T16:04:26","guid":{"rendered":"https:\/\/linitiative.ca\/International\/cameroun-sud-le-feicom-construit-un-systeme-dadduction-deau-potable-a-417-millions-de-f\/"},"modified":"2022-06-24T12:04:26","modified_gmt":"2022-06-24T16:04:26","slug":"cameroun-sud-le-feicom-construit-un-systeme-dadduction-deau-potable-a-417-millions-de-f","status":"publish","type":"post","link":"https:\/\/linitiative.ca\/International\/cameroun-sud-le-feicom-construit-un-systeme-dadduction-deau-potable-a-417-millions-de-f\/","title":{"rendered":"Cameroun-Sud : le Feicom construit un syst\u00e8me d\u2019adduction d\u2019eau potable \u00e0 417 millions de F"},"content":{"rendered":"<div>\n<p><img decoding=\"async\" width=\"780\" height=\"470\" src=\"https:\/\/linitiative.ca\/International\/wp-content\/uploads\/sites\/23\/2022\/06\/eau.jpg\" class=\"attachment-post-thumbnail size-post-thumbnail wp-post-image\" alt=\"\" loading=\"lazy\" srcset=\"https:\/\/linitiative.ca\/International\/wp-content\/uploads\/sites\/23\/2022\/06\/eau.jpg 780w, https:\/\/www.journalducameroun.com\/wp-content\/uploads\/2022\/06\/eau-300x181.jpg 300w, https:\/\/www.journalducameroun.com\/wp-content\/uploads\/2022\/06\/eau-768x463.jpg 768w, https:\/\/www.journalducameroun.com\/wp-content\/uploads\/2022\/06\/eau-730x440.jpg 730w, https:\/\/www.journalducameroun.com\/wp-content\/uploads\/2022\/06\/eau-600x362.jpg 600w\" sizes=\"auto, (max-width: 780px) 100vw, 780px\"><\/p>\n<h2 style=\"text-align: justify;\">Georges Elanga Obam, a proc\u00e9d\u00e9 le 17 juin 2022, \u00e0 l\u2019inauguration du syst\u00e8me d\u2019adduction d\u2019eau de la commune de Lolodorf, dans la r\u00e9gion du Sud Cameroun.<\/h2>\n<p class=\"post-title entry-title\" style=\"text-align: justify;\">L\u2019ensemble du syst\u00e8me est aliment\u00e9 par deux petites centrales solaires \u00e9quip\u00e9es de 112\u00a0modules et de 56\u00a0batteries pour le stockage de l\u2019\u00e9lectricit\u00e9. L\u2019AEP <em>\u00ab\u2009b\u00e9n\u00e9ficie \u00e0 plus de 20\u2009000\u00a0habitants de Nkoteng et s\u2019inscrit dans l\u2019op\u00e9rationnalisation de la Strat\u00e9gie nationale de d\u00e9veloppement 2020-2030 qui prescrit d\u2019assurer un acc\u00e8s universel et \u00e9quitable \u00e0 l\u2019eau potable\u2009\u00bb<\/em>, indique le Fonds sp\u00e9cial d\u2019\u00e9quipement et d\u2019intervention intercommunale (Feicom).<\/p>\n<p style=\"text-align: justify;\">C\u2019est une enveloppe de 416,784 millions de Fcfa, qui a \u00e9t\u00e9 consentie par le Feicom et la commune de Lolodorf, pour la r\u00e9alisation de ce projet d\u2019adduction d\u2019eau. Projet qui sera b\u00e9n\u00e9fique \u00e0 6000 \u00e2mes vivantes dans le centre urbain de cette localit\u00e9, situ\u00e9e dans le d\u00e9partement de l\u2019Oc\u00e9an.<\/p>\n<p style=\"text-align: justify;\">\u00ab <em>L\u2019eau issue d\u2019un captage est trait\u00e9e, stock\u00e9e dans un r\u00e9servoir de 50 m\u00e8tres cubes et distribu\u00e9e sur 12 kilom\u00e8tres \u00e0 travers 25 bornes fontaines publiques ainsi que des branchements individuels. Pour ce faire, le r\u00e9seau est dot\u00e9 d\u2019un champ solaire pour son alimentation \u00e9lectriqu<\/em>e \u00bb, renseigne le Feicom, sur la structure du dispositif.<\/p>\n<p style=\"text-align: justify;\">Selon Philippe Camille Akoa, Directeur g\u00e9n\u00e9ral du Feicom \u00ab <em>cette action de l\u2019organisme qui se justifie par les comp\u00e9tences transf\u00e9r\u00e9es aux Communes en mati\u00e8re d\u2019alimentation en eau d\u2019une part et l\u2019objectif inscrit au point 321 de la SND 30 qui est d\u2019assurer l\u2019acc\u00e8s universel et \u00e9quitable \u00e0 l\u2019eau potable pour tous en coh\u00e9rence avec l\u2019objectif de d\u00e9veloppement durable num\u00e9ro 6, d\u2019autre part<\/em> \u00bb, a-t-il indiqu\u00e9 dans son discours de circonstances.<\/p>\n<p style=\"text-align: justify;\">\n<p>Cet article <a rel=\"nofollow\" href=\"https:\/\/www.journalducameroun.com\/cameroun-sud-le-feicom-construit-un-systeme-dadduction-deau-potable-a-417-millions-de-f\/\">Cameroun-Sud : le Feicom construit un syst\u00e8me d\u2019adduction d\u2019eau potable \u00e0 417 millions de F<\/a> est apparu en premier sur <a rel=\"nofollow\" href=\"https:\/\/www.journalducameroun.com\/\">Journal du Cameroun<\/a>.<\/p>\n<\/div>\n<p>Auteur: Esther FOSSI<br \/>\n<a href=\"https:\/\/www.journalducameroun.com\/cameroun-sud-le-feicom-construit-un-systeme-dadduction-deau-potable-a-417-millions-de-f\/\">Cliquez ici pour lire l&rsquo;article depuis sa source.<\/a><\/p>\n","protected":false},"excerpt":{"rendered":"<p>Georges Elanga Obam, a proc\u00e9d\u00e9 le 17 juin 2022, \u00e0 l\u2019inauguration du syst\u00e8me d\u2019adduction d\u2019eau de la commune de Lolodorf, dans la r\u00e9gion du Sud Cameroun. L\u2019ensemble du syst\u00e8me est aliment\u00e9 par deux petites centrales solaires \u00e9quip\u00e9es de 112\u00a0modules et de 56\u00a0batteries pour le stockage de l\u2019\u00e9lectricit\u00e9. L\u2019AEP \u00ab\u2009b\u00e9n\u00e9ficie \u00e0 plus de 20\u2009000\u00a0habitants de Nkoteng [&hellip;]<\/p>\n","protected":false},"author":1965,"featured_media":0,"comment_status":"closed","ping_status":"closed","sticky":false,"template":"","format":"standard","meta":{"fifu_image_url":"https:\/\/www.journalducameroun.com\/wp-content\/uploads\/2022\/06\/eau.jpg","fifu_image_alt":"Cameroun-Sud : le Feicom construit un syst\u00e8me d\u2019adduction d\u2019eau potable \u00e0 417 millions de F","footnotes":""},"categories":[73,82],"tags":[],"class_list":["post-150963","post","type-post","status-publish","format-standard","hentry","category-actualite","category-cameroun"],"_links":{"self":[{"href":"https:\/\/linitiative.ca\/International\/wp-json\/wp\/v2\/posts\/150963","targetHints":{"allow":["GET"]}}],"collection":[{"href":"https:\/\/linitiative.ca\/International\/wp-json\/wp\/v2\/posts"}],"about":[{"href":"https:\/\/linitiative.ca\/International\/wp-json\/wp\/v2\/types\/post"}],"author":[{"embeddable":true,"href":"https:\/\/linitiative.ca\/International\/wp-json\/wp\/v2\/users\/1965"}],"replies":[{"embeddable":true,"href":"https:\/\/linitiative.ca\/International\/wp-json\/wp\/v2\/comments?post=150963"}],"version-history":[{"count":0,"href":"https:\/\/linitiative.ca\/International\/wp-json\/wp\/v2\/posts\/150963\/revisions"}],"wp:attachment":[{"href":"https:\/\/linitiative.ca\/International\/wp-json\/wp\/v2\/media?parent=150963"}],"wp:term":[{"taxonomy":"category","embeddable":true,"href":"https:\/\/linitiative.ca\/International\/wp-json\/wp\/v2\/categories?post=150963"},{"taxonomy":"post_tag","embeddable":true,"href":"https:\/\/linitiative.ca\/International\/wp-json\/wp\/v2\/tags?post=150963"}],"curies":[{"name":"wp","href":"https:\/\/api.w.org\/{rel}","templated":true}]}}