{"id":150967,"date":"2022-06-24T14:18:04","date_gmt":"2022-06-24T18:18:04","guid":{"rendered":"https:\/\/linitiative.ca\/International\/inflation-luemoa-preconise-la-poursuite-de-la-transformation-structurelle-des-economies\/"},"modified":"2022-06-24T14:18:04","modified_gmt":"2022-06-24T18:18:04","slug":"inflation-luemoa-preconise-la-poursuite-de-la-transformation-structurelle-des-economies","status":"publish","type":"post","link":"https:\/\/linitiative.ca\/International\/inflation-luemoa-preconise-la-poursuite-de-la-transformation-structurelle-des-economies\/","title":{"rendered":"Inflation : l\u2019Uemoa pr\u00e9conise la poursuite de la transformation structurelle des \u00e9conomies"},"content":{"rendered":"<div>\n<p>L\u2019Union \u00e9conomique et mon\u00e9taire ouest africaine (Uemoa) n\u2019\u00e9chappe pas \u00e0 la flamb\u00e9e des prix cons\u00e9cutive \u00e0 la guerre en Ukraine.Dans la plupart des pays africains, les cons\u00e9quences du conflit russo-ukrainien se font sentir. A cause des sanctions occidentales inflig\u00e9es \u00e0 la Russie, les produits p\u00e9troliers sont de plus en plus rares. Cette situation a oblig\u00e9 plusieurs gouvernements du continent noir \u00e0 revoir \u00e0 la hausse les prix du carburant. L\u2019inflation concerne \u00e9galement les denr\u00e9es de premi\u00e8re n\u00e9cessit\u00e9 avec une menace r\u00e9elle sur les m\u00e9nages les plus pauvres.<\/p>\n<p>Pour faire face \u00e0 cet \u00e9ni\u00e8me choc exog\u00e8ne qui remet en cause la reprise \u00e9conomique not\u00e9e apr\u00e8s deux ann\u00e9es de pand\u00e9mie de Covid-19, les ministres de l\u2019\u00c9conomie et des Finances des pays de l\u2019Union \u00e9conomique et mon\u00e9taire ouest-africaine (Uemoa) ont mis en place un ensemble de mesures.<\/p>\n<p>Le ministre togolais de l\u2019\u00c9conomie et des Finances, Sani Yaya, pr\u00e9sidant la 2e r\u00e9union ordinaire du Conseil des ministres de l\u2019organisation sous-r\u00e9gionale, a salu\u00e9 les d\u00e9cisions vigoureuses mises en \u0153uvre par les \u00c9tats membres de l\u2019espace communautaire pour contenir la progression de l\u2019inflation et pr\u00e9server le pouvoir d\u2019achat des populations notamment les couches les plus vuln\u00e9rables.<\/p>\n<p>\u00ab Pour consolider les acquis et faire face durablement \u00e0 ces d\u00e9fis, a plaid\u00e9 le pr\u00e9sident en exercice du Conseil des ministres de l\u2019Union, je voudrais encourager les \u00c9tats membres \u00e0 poursuivre la mise en \u0153uvre des actions visant la transformation structurelle de nos \u00e9conomies, la promotion de la production locale d\u2019intrants agricoles,\u00a0la promotion et la consommation des produits locaux ainsi que l\u2019am\u00e9lioration de l\u2019offre de l\u2019\u00e9nergie \u00bb.<\/p>\n<p>Au cours des travaux commenc\u00e9s ce vendredi, plusieurs textes dont le Projet de rapport semestriel d\u2019ex\u00e9cution de la surveillance multilat\u00e9rale de juin 2022 seront examin\u00e9s par les ministres r\u00e9unis au si\u00e8ge de la Banque centrale des \u00c9tats de l\u2019Afrique de l\u2019Ouest (Bceao) \u00e0 Dakar.<\/p>\n<p>Les responsables des \u00e9conomies de la r\u00e9gion adopteront aussi le projet de d\u00e9cision portant d\u00e9finition de l\u2019agr\u00e9gat recettes fiscales, celui portant d\u00e9finition et d\u00e9termination du contenu de la masse salariale et le projet de r\u00e8glement relatif \u00e0 l\u2019harmonisation de la r\u00e9glementation pharmaceutique.<\/p>\n<p>En outre, le projet de d\u00e9cision portant adoption des lignes directrices relatives \u00e0 la r\u00e9glementation des dispositifs m\u00e9dicaux sera adopt\u00e9. Il en sera de m\u00eame pour le projet portant adoption des lignes directrices relatives \u00e0 l\u2019harmonisation de la r\u00e9glementation des aliments destin\u00e9s aux nourrissons et aux enfants en bas \u00e2ge et des produits di\u00e9t\u00e9tiques et de r\u00e9gime ainsi que le projet de d\u00e9cision portant adoption du sch\u00e9ma type d\u2019institutionnalisation du genre dans les \u00c9tats membres de l\u2019Union.<\/p>\n<p>Cet article <a rel=\"nofollow\" href=\"https:\/\/www.journalducameroun.com\/inflation-luemoa-preconise-la-poursuite-de-la-transformation-structurelle-des-economies\/\">Inflation : l\u2019Uemoa pr\u00e9conise la poursuite de la transformation structurelle des \u00e9conomies<\/a> est apparu en premier sur <a rel=\"nofollow\" href=\"https:\/\/www.journalducameroun.com\/\">Journal du Cameroun<\/a>.<\/p>\n<\/div>\n<p>Auteur: APA News<br \/>\n<a href=\"https:\/\/www.journalducameroun.com\/inflation-luemoa-preconise-la-poursuite-de-la-transformation-structurelle-des-economies\/\">Cliquez ici pour lire l&rsquo;article depuis sa source.<\/a><\/p>\n","protected":false},"excerpt":{"rendered":"<p>L\u2019Union \u00e9conomique et mon\u00e9taire ouest africaine (Uemoa) n\u2019\u00e9chappe pas \u00e0 la flamb\u00e9e des prix cons\u00e9cutive \u00e0 la guerre en Ukraine.Dans la plupart des pays africains, les cons\u00e9quences du conflit russo-ukrainien se font sentir. A cause des sanctions occidentales inflig\u00e9es \u00e0 la Russie, les produits p\u00e9troliers sont de plus en plus rares. Cette situation a oblig\u00e9 [&hellip;]<\/p>\n","protected":false},"author":1965,"featured_media":0,"comment_status":"closed","ping_status":"closed","sticky":false,"template":"","format":"standard","meta":{"fifu_image_url":"","fifu_image_alt":"","footnotes":""},"categories":[73,82],"tags":[],"class_list":["post-150967","post","type-post","status-publish","format-standard","hentry","category-actualite","category-cameroun"],"_links":{"self":[{"href":"https:\/\/linitiative.ca\/International\/wp-json\/wp\/v2\/posts\/150967","targetHints":{"allow":["GET"]}}],"collection":[{"href":"https:\/\/linitiative.ca\/International\/wp-json\/wp\/v2\/posts"}],"about":[{"href":"https:\/\/linitiative.ca\/International\/wp-json\/wp\/v2\/types\/post"}],"author":[{"embeddable":true,"href":"https:\/\/linitiative.ca\/International\/wp-json\/wp\/v2\/users\/1965"}],"replies":[{"embeddable":true,"href":"https:\/\/linitiative.ca\/International\/wp-json\/wp\/v2\/comments?post=150967"}],"version-history":[{"count":0,"href":"https:\/\/linitiative.ca\/International\/wp-json\/wp\/v2\/posts\/150967\/revisions"}],"wp:attachment":[{"href":"https:\/\/linitiative.ca\/International\/wp-json\/wp\/v2\/media?parent=150967"}],"wp:term":[{"taxonomy":"category","embeddable":true,"href":"https:\/\/linitiative.ca\/International\/wp-json\/wp\/v2\/categories?post=150967"},{"taxonomy":"post_tag","embeddable":true,"href":"https:\/\/linitiative.ca\/International\/wp-json\/wp\/v2\/tags?post=150967"}],"curies":[{"name":"wp","href":"https:\/\/api.w.org\/{rel}","templated":true}]}}