{"id":150968,"date":"2022-06-24T00:24:13","date_gmt":"2022-06-24T04:24:13","guid":{"rendered":"https:\/\/linitiative.ca\/International\/le-cameroun-veut-se-doter-dune-loi-sur-la-procreation-medicalement-assistee\/"},"modified":"2022-06-24T00:24:13","modified_gmt":"2022-06-24T04:24:13","slug":"le-cameroun-veut-se-doter-dune-loi-sur-la-procreation-medicalement-assistee","status":"publish","type":"post","link":"https:\/\/linitiative.ca\/International\/le-cameroun-veut-se-doter-dune-loi-sur-la-procreation-medicalement-assistee\/","title":{"rendered":"Le Cameroun veut se doter d\u2019une loi sur la procr\u00e9ation m\u00e9dicalement assist\u00e9e\u00a0"},"content":{"rendered":"<div>\n<p>La pratique de la Procr\u00e9ation m\u00e9dicalement assist\u00e9e (PMA) ne reposait sur aucun instrument l\u00e9gal au Cameroun. La confession est consign\u00e9e dans le projet de loi y aff\u00e9rent d\u00e9pos\u00e9 hier, 23 juin 2022, \u00e0 l\u2019Assembl\u00e9e nationale. Pourtant, cette activit\u00e9 sensible se pratique dans certains centres hospitaliers du pays sans cadre l\u00e9gal ni contr\u00f4le depuis plusieurs ann\u00e9es.<\/p>\n<p><strong>Lire aussi : <a href=\"https:\/\/ecomatin.net\/assemblee-nationale-le-cameroun-ratifie-une-convention-africaine-pour-proteger2-camair-co-de-la-concurrence-internationale\/\" target=\"_blank\" rel=\"noreferrer noopener\">Assembl\u00e9e nationale: le Cameroun ratifie une convention africaine pour prot\u00e9ger Camair-co\u00a0de la concurrence internationale\u00a0<\/a><\/strong><\/p>\n<p>Selon l\u2019expos\u00e9 des motifs de la pr\u00e9sente loi, l\u2019activit\u00e9\u00a0a connu un certain essor avec la cr\u00e9ation du Centre hospitalier de recherche et d\u2019application en chirurgie endoscopique et reproduction humaine (Chracerh). Dans ce contexte de vide juridique, le gouvernement est d\u00e9termin\u00e9 \u00e0 encadrer le secteur question de pr\u00e9venir la d\u00e9rive et l\u2019anarchie. Compos\u00e9 de 65 articles r\u00e9partis dans 10 chapitres, ce projet de loi offre l\u2019opportunit\u00e9 aux demandeurs de la PMA de voir aboutir leur projet parental, en b\u00e9n\u00e9ficiant d\u2019une protection juridique ad\u00e9quate. Il fournit aux \u00e9tablissements hospitaliers exer\u00e7ant la PMA ou d\u00e9sirant l\u2019exercer, le cadre l\u00e9gal r\u00e9gissant leurs activit\u00e9s et permet \u00e9galement aux pouvoirs publics de disposer d\u2019un instrument appropri\u00e9 de contr\u00f4le et de r\u00e9gulation de ce secteur.<\/p>\n<p><strong>Lire aussi : <a href=\"https:\/\/ecomatin.net\/gestion-fonds-covid-le-chef-de-letat-a-transmis-ce-dossier-aux-instances-judiciaires-joseph-dion-ngute\/\" target=\"_blank\" rel=\"noreferrer noopener\">Gestion fonds Covid\u00a0: \u00ab\u00a0Le chef de l\u2019Etat a transmis ce dossier aux instances judiciaires\u00a0\u00bb, Joseph Dion Ngute<\/a><\/strong><\/p>\n<p>La Procr\u00e9ation m\u00e9dicalement assist\u00e9e, selon l\u2019article de\u00a0Caroline M\u00e9cary\u00a0intitul\u00e9\u00a0\u00ab\u00a0Lexique\u00a0\u00bb,\u00a0et publi\u00e9 dans les Presses Universitaires de France en 2019,\u00a0se dit de l\u2019ensemble des techniques qui sont reconnues par l\u2019Organisation mondiale de la sant\u00e9 (OMS) comme palliant l\u2019impossibilit\u00e9 pour une personne d\u2019avoir un enfant, c\u2019est-\u00e0-dire l\u2019ensemble des traitements ou proc\u00e9dures qui incluent la manipulation\u00a0in\u00a0vitro\u00a0des ovocytes et du sperme humains ou d\u2019embryons dans le but d\u2019\u00e9tablir une grossesse. Le ministre de la Sant\u00e9 publique, Manaouda Malachie, va d\u00e9fendre ce projet de loi devant la repr\u00e9sentation nationale.<\/p>\n<p><strong>Lire aussi : <a href=\"https:\/\/ecomatin.net\/acces-a-leau-potable-face-aux-deputes-gaston-eloundou-essomba-sexplique\/\" target=\"_blank\" rel=\"noreferrer noopener\">Acc\u00e8s \u00e0 l\u2019eau potable\u00a0: face aux d\u00e9put\u00e9s, Gaston Eloundou Essomba s\u2019explique<\/a><\/strong><\/p>\n<p><strong>Ren\u00e9 Ombala<\/strong><\/p>\n<p>L\u2019article <a rel=\"nofollow\" href=\"https:\/\/ecomatin.net\/le-cameroun-veut-se-doter-dune-loi-sur-la-procreation-medicalement-assistee\/\">Le Cameroun veut se doter d\u2019une loi sur la procr\u00e9ation m\u00e9dicalement assist\u00e9e\u00a0<\/a> est apparu en premier sur <a rel=\"nofollow\" href=\"https:\/\/ecomatin.net\/\">EcoMatin<\/a>.<\/p>\n<\/div>\n<p>Auteur: EcoMatin<br \/>\n<a href=\"https:\/\/ecomatin.net\/le-cameroun-veut-se-doter-dune-loi-sur-la-procreation-medicalement-assistee\/\">Cliquez ici pour lire l&rsquo;article depuis sa source.<\/a><\/p>\n","protected":false},"excerpt":{"rendered":"<p>La pratique de la Procr\u00e9ation m\u00e9dicalement assist\u00e9e (PMA) ne reposait sur aucun instrument l\u00e9gal au Cameroun. La confession est consign\u00e9e dans le projet de loi y aff\u00e9rent d\u00e9pos\u00e9 hier, 23 juin 2022, \u00e0 l\u2019Assembl\u00e9e nationale. Pourtant, cette activit\u00e9 sensible se pratique dans certains centres hospitaliers du pays sans cadre l\u00e9gal ni contr\u00f4le depuis plusieurs ann\u00e9es. [&hellip;]<\/p>\n","protected":false},"author":1969,"featured_media":0,"comment_status":"closed","ping_status":"closed","sticky":false,"template":"","format":"standard","meta":{"fifu_image_url":"","fifu_image_alt":"","footnotes":""},"categories":[82,78],"tags":[],"class_list":["post-150968","post","type-post","status-publish","format-standard","hentry","category-cameroun","category-economie"],"_links":{"self":[{"href":"https:\/\/linitiative.ca\/International\/wp-json\/wp\/v2\/posts\/150968","targetHints":{"allow":["GET"]}}],"collection":[{"href":"https:\/\/linitiative.ca\/International\/wp-json\/wp\/v2\/posts"}],"about":[{"href":"https:\/\/linitiative.ca\/International\/wp-json\/wp\/v2\/types\/post"}],"author":[{"embeddable":true,"href":"https:\/\/linitiative.ca\/International\/wp-json\/wp\/v2\/users\/1969"}],"replies":[{"embeddable":true,"href":"https:\/\/linitiative.ca\/International\/wp-json\/wp\/v2\/comments?post=150968"}],"version-history":[{"count":0,"href":"https:\/\/linitiative.ca\/International\/wp-json\/wp\/v2\/posts\/150968\/revisions"}],"wp:attachment":[{"href":"https:\/\/linitiative.ca\/International\/wp-json\/wp\/v2\/media?parent=150968"}],"wp:term":[{"taxonomy":"category","embeddable":true,"href":"https:\/\/linitiative.ca\/International\/wp-json\/wp\/v2\/categories?post=150968"},{"taxonomy":"post_tag","embeddable":true,"href":"https:\/\/linitiative.ca\/International\/wp-json\/wp\/v2\/tags?post=150968"}],"curies":[{"name":"wp","href":"https:\/\/api.w.org\/{rel}","templated":true}]}}