{"id":150978,"date":"2022-06-25T10:09:12","date_gmt":"2022-06-25T14:09:12","guid":{"rendered":"https:\/\/linitiative.ca\/International\/sadiki-presente-a-agadir-le-plan-de-developpement-de-la-filiere-de-larganier\/"},"modified":"2022-06-25T10:09:12","modified_gmt":"2022-06-25T14:09:12","slug":"sadiki-presente-a-agadir-le-plan-de-developpement-de-la-filiere-de-larganier","status":"publish","type":"post","link":"https:\/\/linitiative.ca\/International\/sadiki-presente-a-agadir-le-plan-de-developpement-de-la-filiere-de-larganier\/","title":{"rendered":"Sadiki pr\u00e9sente \u00e0 Agadir le plan de d\u00e9veloppement de la fili\u00e8re de l\u2019arganier"},"content":{"rendered":"<div>\n<p><img decoding=\"async\" width=\"300\" height=\"153\" src=\"https:\/\/linitiative.ca\/International\/wp-content\/uploads\/sites\/23\/2022\/06\/Mohammed-Sadiki-Agadir-le-plan-de-developpement-de-la-filiere-de-larganier-300x153-1.jpg\" class=\"attachment-medium size-medium wp-post-image\" alt=\"\" loading=\"lazy\" srcset=\"https:\/\/linitiative.ca\/International\/wp-content\/uploads\/sites\/23\/2022\/06\/Mohammed-Sadiki-Agadir-le-plan-de-developpement-de-la-filiere-de-larganier-300x153-1.jpg 300w, https:\/\/aujourdhui.ma\/wp-content\/uploads\/2022\/06\/Mohammed-Sadiki-Agadir-le-plan-de-developpement-de-la-filiere-de-larganier-274x140.jpg 274w, https:\/\/aujourdhui.ma\/wp-content\/uploads\/2022\/06\/Mohammed-Sadiki-Agadir-le-plan-de-developpement-de-la-filiere-de-larganier.jpg 746w, https:\/\/aujourdhui.ma\/wp-content\/uploads\/2022\/06\/Mohammed-Sadiki-Agadir-le-plan-de-developpement-de-la-filiere-de-larganier-165x84.jpg 165w, https:\/\/aujourdhui.ma\/wp-content\/uploads\/2022\/06\/Mohammed-Sadiki-Agadir-le-plan-de-developpement-de-la-filiere-de-larganier-702x358.jpg 702w\" sizes=\"auto, (max-width: 300px) 100vw, 300px\"><\/p>\n<p><span style=\"font-size: 20px; color: #800000;\"><strong>Le ministre de l\u2019Agriculture, de la P\u00eache Maritime, du D\u00e9veloppement Rural et des Eaux et For\u00eats, Mohammed Sadiki a pr\u00e9sid\u00e9 vendredi \u00e0 Agadir, une rencontre de travail avec les professionnels de la fili\u00e8re arganier repr\u00e9sent\u00e9s par la f\u00e9d\u00e9ration interprofessionnelle de la Fili\u00e8re de l\u2019Argane (FIFARGANE), la f\u00e9d\u00e9ration des coop\u00e9ratives f\u00e9minines et des op\u00e9rateurs du secteur.<\/strong><\/span><span id=\"more-411706\"><\/span><\/p>\n<p>Lors de cette r\u00e9union, a \u00e9t\u00e9 pr\u00e9sent\u00e9 et discut\u00e9 le bilan du contrat programme 2011-2020 sign\u00e9 entre le Gouvernement et l\u2019Interprofession de la Fili\u00e8re ainsi que le Plan de D\u00e9veloppement de la Fili\u00e8re Argane \u00e0 l\u2019horizon 2030, dans le cadre de la nouvelle strat\u00e9gie G\u00e9n\u00e9ration Green.<\/p>\n<p>Ce nouveau plan de d\u00e9veloppement de la fili\u00e8re ambitionne \u00e0 l\u2019horizon 2030 de doubler la production de l\u2019huile d\u2019Argane pour atteindre 10.000 T, d\u2019augmenter le taux de conditionnement de l\u2019huile d\u2019Argane pour passer de 20% \u00e0 50%, de d\u00e9velopper l\u2019arganiculture sur une superficie de 50.000 ha ainsi que de r\u00e9habiliter l\u2019arganier forestier sur une superficie d\u2019environ 400.000 ha.<\/p>\n<p>Le ministre a insist\u00e9 sur l\u2019importance de l\u2019organisation de l\u2019interprofession pour la r\u00e9ussite de la mise en \u0153uvre de ce plan de d\u00e9veloppement et a demand\u00e9 le renforcement de la pr\u00e9sence des coop\u00e9ratives des femmes dans les diff\u00e9rents coll\u00e8ges de l\u2019interprofession, notamment dans le coll\u00e8ge qui repr\u00e9sente l\u2019amont de la fili\u00e8re.<\/p>\n<p><img loading=\"lazy\" decoding=\"async\" class=\"aligncenter size-full wp-image-411709\" src=\"https:\/\/linitiative.ca\/International\/wp-content\/uploads\/sites\/23\/2022\/06\/Mohammed-Sadiki-Agadir-le-plan-de-developpement-de-la-filiere-de-larganier-1.jpg\" alt=\"\" width=\"746\" height=\"380\" srcset=\"https:\/\/linitiative.ca\/International\/wp-content\/uploads\/sites\/23\/2022\/06\/Mohammed-Sadiki-Agadir-le-plan-de-developpement-de-la-filiere-de-larganier-1.jpg 746w, https:\/\/aujourdhui.ma\/wp-content\/uploads\/2022\/06\/Mohammed-Sadiki-Agadir-le-plan-de-developpement-de-la-filiere-de-larganier-1-300x153.jpg 300w, https:\/\/aujourdhui.ma\/wp-content\/uploads\/2022\/06\/Mohammed-Sadiki-Agadir-le-plan-de-developpement-de-la-filiere-de-larganier-1-274x140.jpg 274w, https:\/\/aujourdhui.ma\/wp-content\/uploads\/2022\/06\/Mohammed-Sadiki-Agadir-le-plan-de-developpement-de-la-filiere-de-larganier-1-165x84.jpg 165w, https:\/\/aujourdhui.ma\/wp-content\/uploads\/2022\/06\/Mohammed-Sadiki-Agadir-le-plan-de-developpement-de-la-filiere-de-larganier-1-702x358.jpg 702w\" sizes=\"auto, (max-width: 746px) 100vw, 746px\"><\/p>\n<p>Il a \u00e9galement appel\u00e9 \u00e0 l\u2019adoption d\u2019un mod\u00e8le d\u2019agr\u00e9gation pour cette fili\u00e8re qui permet un meilleur partage de la valeur entre l\u2019ensemble des op\u00e9rateurs de la chaine de valeur.<\/p>\n<p>Un d\u00e9bat a eu lieu au sujet des actions \u00e0 mettre \u0153uvre pour l\u2019atteinte des objectifs fix\u00e9s dans le plan de d\u00e9veloppement de la fili\u00e8re.<\/p>\n<p>Ces objectifs et actions ont \u00e9t\u00e9 valid\u00e9s par l\u2019ensemble des membres de l\u2019interprofession et feront l\u2019objet du futur contrat programme qui sera conclu entre le Gouvernement et l\u2019Interprofession.<\/p>\n<p>Ont pris part \u00e0 cette rencontre le pr\u00e9sident de la r\u00e9gion, le pr\u00e9sident de la chambre d\u2019agriculture de la r\u00e9gion du Souss Massa et les directeurs r\u00e9gionaux de l\u2019agriculture et des eaux et for\u00eats et les directeurs centraux et directeurs g\u00e9n\u00e9raux des \u00e9tablissements sous-tutelle, l\u2019Agence Nationale pour le D\u00e9veloppement des Zones Oasiennes et de l\u2019Arganier (ANDZOA), l\u2019Agence pour le D\u00e9veloppement Agricole (ADA), l\u2019Institut National de la Recherche Agronomique (INRA) et l\u2019Office National de S\u00e9curit\u00e9 Sanitaire des Produits Alimentaires (ONSSA).<\/p>\n<\/div>\n<p>Auteur: ALM<br \/>\n<a href=\"https:\/\/aujourdhui.ma\/economie\/sadiki-presente-a-agadir-le-plan-de-developpement-de-la-filiere-de-larganier\">Cliquez ici pour lire l&rsquo;article depuis sa source.<\/a><\/p>\n","protected":false},"excerpt":{"rendered":"<p>Le ministre de l\u2019Agriculture, de la P\u00eache Maritime, du D\u00e9veloppement Rural et des Eaux et For\u00eats, Mohammed Sadiki a pr\u00e9sid\u00e9 vendredi \u00e0 Agadir, une rencontre de travail avec les professionnels de la fili\u00e8re arganier repr\u00e9sent\u00e9s par la f\u00e9d\u00e9ration interprofessionnelle de la Fili\u00e8re de l\u2019Argane (FIFARGANE), la f\u00e9d\u00e9ration des coop\u00e9ratives f\u00e9minines et des op\u00e9rateurs du secteur. [&hellip;]<\/p>\n","protected":false},"author":1759,"featured_media":0,"comment_status":"closed","ping_status":"closed","sticky":false,"template":"","format":"standard","meta":{"fifu_image_url":"https:\/\/aujourdhui.ma\/wp-content\/uploads\/2022\/06\/Mohammed-Sadiki-Agadir-le-plan-de-developpement-de-la-filiere-de-larganier-300x153.jpg","fifu_image_alt":"Sadiki pr\u00e9sente \u00e0 Agadir le plan de d\u00e9veloppement de la fili\u00e8re de l\u2019arganier","footnotes":""},"categories":[73,54],"tags":[],"class_list":["post-150978","post","type-post","status-publish","format-standard","hentry","category-actualite","category-maroc"],"_links":{"self":[{"href":"https:\/\/linitiative.ca\/International\/wp-json\/wp\/v2\/posts\/150978","targetHints":{"allow":["GET"]}}],"collection":[{"href":"https:\/\/linitiative.ca\/International\/wp-json\/wp\/v2\/posts"}],"about":[{"href":"https:\/\/linitiative.ca\/International\/wp-json\/wp\/v2\/types\/post"}],"author":[{"embeddable":true,"href":"https:\/\/linitiative.ca\/International\/wp-json\/wp\/v2\/users\/1759"}],"replies":[{"embeddable":true,"href":"https:\/\/linitiative.ca\/International\/wp-json\/wp\/v2\/comments?post=150978"}],"version-history":[{"count":0,"href":"https:\/\/linitiative.ca\/International\/wp-json\/wp\/v2\/posts\/150978\/revisions"}],"wp:attachment":[{"href":"https:\/\/linitiative.ca\/International\/wp-json\/wp\/v2\/media?parent=150978"}],"wp:term":[{"taxonomy":"category","embeddable":true,"href":"https:\/\/linitiative.ca\/International\/wp-json\/wp\/v2\/categories?post=150978"},{"taxonomy":"post_tag","embeddable":true,"href":"https:\/\/linitiative.ca\/International\/wp-json\/wp\/v2\/tags?post=150978"}],"curies":[{"name":"wp","href":"https:\/\/api.w.org\/{rel}","templated":true}]}}