{"id":150994,"date":"2022-06-24T15:37:00","date_gmt":"2022-06-24T19:37:00","guid":{"rendered":"https:\/\/linitiative.ca\/International\/une-piste-serieuse-en-ligue-1-francaise-pour-zinedine-ferhat\/"},"modified":"2022-06-24T15:37:00","modified_gmt":"2022-06-24T19:37:00","slug":"une-piste-serieuse-en-ligue-1-francaise-pour-zinedine-ferhat","status":"publish","type":"post","link":"https:\/\/linitiative.ca\/International\/une-piste-serieuse-en-ligue-1-francaise-pour-zinedine-ferhat\/","title":{"rendered":"Une piste s\u00e9rieuse en Ligue 1 fran\u00e7aise pour Zinedine Ferhat ?"},"content":{"rendered":"<div>Il a v\u00e9cu une saison difficile \u00e0 N\u00eemes, sachant qu&rsquo;il quittait le club depuis un an d\u00e9j\u00e0, Zinedine Ferhat pourrait voir la fin du tunnel tr\u00e8s prochainement<\/div>\n<p>Auteur:<br \/>\n<a href=\"https:\/\/www.lebuteur.com\/article\/detail?titre=une-piste-serieuse-en-ligue-1-francaise-pour-zinedine-ferhat&#038;id=103051\">Cliquez ici pour lire l&rsquo;article depuis sa source.<\/a><\/p>\n","protected":false},"excerpt":{"rendered":"<p>Il a v\u00e9cu une saison difficile \u00e0 N\u00eemes, sachant qu&rsquo;il quittait le club depuis un an d\u00e9j\u00e0, Zinedine Ferhat pourrait voir la fin du tunnel tr\u00e8s prochainement Auteur: Cliquez ici pour lire l&rsquo;article depuis sa source.<\/p>\n","protected":false},"author":1738,"featured_media":0,"comment_status":"closed","ping_status":"closed","sticky":false,"template":"","format":"standard","meta":{"fifu_image_url":"","fifu_image_alt":"","footnotes":""},"categories":[53,75],"tags":[],"class_list":["post-150994","post","type-post","status-publish","format-standard","hentry","category-algerie","category-sport"],"_links":{"self":[{"href":"https:\/\/linitiative.ca\/International\/wp-json\/wp\/v2\/posts\/150994","targetHints":{"allow":["GET"]}}],"collection":[{"href":"https:\/\/linitiative.ca\/International\/wp-json\/wp\/v2\/posts"}],"about":[{"href":"https:\/\/linitiative.ca\/International\/wp-json\/wp\/v2\/types\/post"}],"author":[{"embeddable":true,"href":"https:\/\/linitiative.ca\/International\/wp-json\/wp\/v2\/users\/1738"}],"replies":[{"embeddable":true,"href":"https:\/\/linitiative.ca\/International\/wp-json\/wp\/v2\/comments?post=150994"}],"version-history":[{"count":0,"href":"https:\/\/linitiative.ca\/International\/wp-json\/wp\/v2\/posts\/150994\/revisions"}],"wp:attachment":[{"href":"https:\/\/linitiative.ca\/International\/wp-json\/wp\/v2\/media?parent=150994"}],"wp:term":[{"taxonomy":"category","embeddable":true,"href":"https:\/\/linitiative.ca\/International\/wp-json\/wp\/v2\/categories?post=150994"},{"taxonomy":"post_tag","embeddable":true,"href":"https:\/\/linitiative.ca\/International\/wp-json\/wp\/v2\/tags?post=150994"}],"curies":[{"name":"wp","href":"https:\/\/api.w.org\/{rel}","templated":true}]}}