{"id":150998,"date":"2022-06-25T07:35:00","date_gmt":"2022-06-25T11:35:00","guid":{"rendered":"https:\/\/linitiative.ca\/International\/jm-oran-2022-belmadi-est-arrive-a-oran-pour-assister-a-la-ceremonie-douverture\/"},"modified":"2022-06-25T07:35:00","modified_gmt":"2022-06-25T11:35:00","slug":"jm-oran-2022-belmadi-est-arrive-a-oran-pour-assister-a-la-ceremonie-douverture","status":"publish","type":"post","link":"https:\/\/linitiative.ca\/International\/jm-oran-2022-belmadi-est-arrive-a-oran-pour-assister-a-la-ceremonie-douverture\/","title":{"rendered":"JM Oran 2022 : Belmadi est arriv\u00e9 \u00e0 Oran pour assister \u00e0 la c\u00e9r\u00e9monie d&rsquo;ouverture"},"content":{"rendered":"<div>Le s\u00e9lectionneur national est arriv\u00e9 ce vendredi \u00e0 Oran afin d&rsquo;assister \u00e0 la c\u00e9r\u00e9monie d&rsquo;ouverture des jeux m\u00e9diterran\u00e9ens<\/div>\n<p>Auteur:<br \/>\n<a href=\"https:\/\/www.lebuteur.com\/article\/detail?titre=jm-oran-2022-belmadi-est-arrive-a-oran-pour-assister-a-la-ceremonie-douverture&#038;id=103055\">Cliquez ici pour lire l&rsquo;article depuis sa source.<\/a><\/p>\n","protected":false},"excerpt":{"rendered":"<p>Le s\u00e9lectionneur national est arriv\u00e9 ce vendredi \u00e0 Oran afin d&rsquo;assister \u00e0 la c\u00e9r\u00e9monie d&rsquo;ouverture des jeux m\u00e9diterran\u00e9ens Auteur: Cliquez ici pour lire l&rsquo;article depuis sa source.<\/p>\n","protected":false},"author":1738,"featured_media":0,"comment_status":"closed","ping_status":"closed","sticky":false,"template":"","format":"standard","meta":{"fifu_image_url":"","fifu_image_alt":"","footnotes":""},"categories":[53,75],"tags":[],"class_list":["post-150998","post","type-post","status-publish","format-standard","hentry","category-algerie","category-sport"],"_links":{"self":[{"href":"https:\/\/linitiative.ca\/International\/wp-json\/wp\/v2\/posts\/150998","targetHints":{"allow":["GET"]}}],"collection":[{"href":"https:\/\/linitiative.ca\/International\/wp-json\/wp\/v2\/posts"}],"about":[{"href":"https:\/\/linitiative.ca\/International\/wp-json\/wp\/v2\/types\/post"}],"author":[{"embeddable":true,"href":"https:\/\/linitiative.ca\/International\/wp-json\/wp\/v2\/users\/1738"}],"replies":[{"embeddable":true,"href":"https:\/\/linitiative.ca\/International\/wp-json\/wp\/v2\/comments?post=150998"}],"version-history":[{"count":0,"href":"https:\/\/linitiative.ca\/International\/wp-json\/wp\/v2\/posts\/150998\/revisions"}],"wp:attachment":[{"href":"https:\/\/linitiative.ca\/International\/wp-json\/wp\/v2\/media?parent=150998"}],"wp:term":[{"taxonomy":"category","embeddable":true,"href":"https:\/\/linitiative.ca\/International\/wp-json\/wp\/v2\/categories?post=150998"},{"taxonomy":"post_tag","embeddable":true,"href":"https:\/\/linitiative.ca\/International\/wp-json\/wp\/v2\/tags?post=150998"}],"curies":[{"name":"wp","href":"https:\/\/api.w.org\/{rel}","templated":true}]}}