{"id":151001,"date":"2022-06-25T12:26:00","date_gmt":"2022-06-25T16:26:00","guid":{"rendered":"https:\/\/linitiative.ca\/International\/djerba-sans-sachets-plastiques-a-usage-unique-depuis-le-1er-aout-2022-est-ce-la-fin-du-cauchemar\/"},"modified":"2022-06-25T12:26:00","modified_gmt":"2022-06-25T16:26:00","slug":"djerba-sans-sachets-plastiques-a-usage-unique-depuis-le-1er-aout-2022-est-ce-la-fin-du-cauchemar","status":"publish","type":"post","link":"https:\/\/linitiative.ca\/International\/djerba-sans-sachets-plastiques-a-usage-unique-depuis-le-1er-aout-2022-est-ce-la-fin-du-cauchemar\/","title":{"rendered":"Djerba sans sachets plastiques \u00e0 usage unique depuis le 1er ao\u00fbt 2022 : Est-ce la fin du cauchemar?"},"content":{"rendered":"<div><img decoding=\"async\" src=\"https:\/\/linitiative.ca\/International\/wp-content\/uploads\/sites\/23\/2022\/06\/1656171532_article.jpg\" alt=\"Djerba sans sachets plastiques \u00e0 usage unique depuis le 1er ao\u00fbt 2022 : Est-ce la fin du cauchemar ?\" align=\"left\">Par Naceur Bouabid &#8211; Au vu de la teneur des \u00e9changes survenus lors de la r\u00e9union tenue, mercredi 22 juin, au si\u00e8ge du gouvernorat de M\u00e9denine, entre les diff\u00e9rents participants, l\u2019espoir nous est bien permis de d\u00e9barrasser notre \u00eele, puis notre pays du plastique ravageur. Consacr\u00e9e \u00e0 l\u2019examen des modalit\u00e9s de mise en \u0153uvre de la d\u00e9cision d\u2019interdiction de la commercialisation et la distribution des sacs plastique \u00e0 usage unique \u00e0 Djerba, conjointement prise par les minist\u00e8res tunisiens du Tourisme et de l\u2019Environnement, la r\u00e9union, pr\u00e9sid\u00e9e par le gouverneur, a regroup\u00e9 les directeurs r\u00e9gionaux de l\u2019Environnement, de l\u2019Equipement, de l\u2019Apal, de l\u2019Anged, &#8230;<\/p>\n<\/div>\n<p>Auteur:<br \/>\n<a href=\"https:\/\/www.leaders.com.tn\/article\/33532-djerba-sans-sachets-plastiques-a-usage-unique-depuis-le-1er-aout-2022-est-ce-la-fin-du-cauchemar\">Cliquez ici pour lire l&rsquo;article depuis sa source.<\/a><\/p>\n","protected":false},"excerpt":{"rendered":"<p>Par Naceur Bouabid &#8211; Au vu de la teneur des \u00e9changes survenus lors de la r\u00e9union tenue, mercredi 22 juin, au si\u00e8ge du gouvernorat de M\u00e9denine, entre les diff\u00e9rents participants, l\u2019espoir nous est bien permis de d\u00e9barrasser notre \u00eele, puis notre pays du plastique ravageur. Consacr\u00e9e \u00e0 l\u2019examen des modalit\u00e9s de mise en \u0153uvre de [&hellip;]<\/p>\n","protected":false},"author":1772,"featured_media":0,"comment_status":"closed","ping_status":"closed","sticky":false,"template":"","format":"standard","meta":{"fifu_image_url":"http:\/\/www.leaders.com.tn\/uploads\/content\/thumbnails_small\/1656171532_article.jpg","fifu_image_alt":"Djerba sans sachets plastiques \u00e0 usage unique depuis le 1er ao\u00fbt 2022 : Est-ce la fin du cauchemar?","footnotes":""},"categories":[73,55],"tags":[],"class_list":["post-151001","post","type-post","status-publish","format-standard","hentry","category-actualite","category-tunisie"],"_links":{"self":[{"href":"https:\/\/linitiative.ca\/International\/wp-json\/wp\/v2\/posts\/151001","targetHints":{"allow":["GET"]}}],"collection":[{"href":"https:\/\/linitiative.ca\/International\/wp-json\/wp\/v2\/posts"}],"about":[{"href":"https:\/\/linitiative.ca\/International\/wp-json\/wp\/v2\/types\/post"}],"author":[{"embeddable":true,"href":"https:\/\/linitiative.ca\/International\/wp-json\/wp\/v2\/users\/1772"}],"replies":[{"embeddable":true,"href":"https:\/\/linitiative.ca\/International\/wp-json\/wp\/v2\/comments?post=151001"}],"version-history":[{"count":0,"href":"https:\/\/linitiative.ca\/International\/wp-json\/wp\/v2\/posts\/151001\/revisions"}],"wp:attachment":[{"href":"https:\/\/linitiative.ca\/International\/wp-json\/wp\/v2\/media?parent=151001"}],"wp:term":[{"taxonomy":"category","embeddable":true,"href":"https:\/\/linitiative.ca\/International\/wp-json\/wp\/v2\/categories?post=151001"},{"taxonomy":"post_tag","embeddable":true,"href":"https:\/\/linitiative.ca\/International\/wp-json\/wp\/v2\/tags?post=151001"}],"curies":[{"name":"wp","href":"https:\/\/api.w.org\/{rel}","templated":true}]}}