{"id":151005,"date":"2022-06-25T09:02:54","date_gmt":"2022-06-25T13:02:54","guid":{"rendered":"https:\/\/linitiative.ca\/International\/maroc-smeia-devoile-en-avant-premiere-la-nouvelle-serie-7-et-le-x7\/"},"modified":"2022-06-25T09:02:54","modified_gmt":"2022-06-25T13:02:54","slug":"maroc-smeia-devoile-en-avant-premiere-la-nouvelle-serie-7-et-le-x7","status":"publish","type":"post","link":"https:\/\/linitiative.ca\/International\/maroc-smeia-devoile-en-avant-premiere-la-nouvelle-serie-7-et-le-x7\/","title":{"rendered":"Maroc. Smeia d\u00e9voile en avant-premi\u00e8re la nouvelle S\u00e9rie 7 et le X7"},"content":{"rendered":"<div><img decoding=\"async\" width=\"600\" height=\"400\" src=\"https:\/\/linitiative.ca\/International\/wp-content\/uploads\/sites\/23\/2022\/06\/Ouv-BMW-600-x-400.jpg\" class=\"attachment-post-thumbnail size-post-thumbnail wp-post-image\" alt=\"\" loading=\"lazy\" srcset=\"https:\/\/linitiative.ca\/International\/wp-content\/uploads\/sites\/23\/2022\/06\/Ouv-BMW-600-x-400.jpg 600w, https:\/\/www.challenge.ma\/wp-content\/uploads\/2022\/06\/Ouv-BMW-600-x-400-300x200.jpg 300w, https:\/\/www.challenge.ma\/wp-content\/uploads\/2022\/06\/Ouv-BMW-600-x-400-360x240.jpg 360w\" sizes=\"auto, (max-width: 600px) 100vw, 600px\" itemprop=\"image\">C\u2019est ce qui s\u2019appelle faire coup double\u00a0! Smeia a d\u00e9voil\u00e9 r\u00e9cemment et en avant-premi\u00e8re deux vaisseaux haut de gamme de la flotte de BMW, \u00e0 savoir l\u2019in\u00e9dite S\u00e9rie 7 et, \u00e0 ses c\u00f4t\u00e9s, le X7 qui s\u2019est vu offrir une cure de fra\u00eecheur afin d\u2019entamer la seconde partie de sa<\/div>\n<p>Auteur: David J\u00e9r\u00e9mie<br \/>\n<a href=\"https:\/\/www.challenge.ma\/maroc-smeia-devoile-en-avant-premiere-la-nouvelle-serie-7-et-le-x7-241436\/\">Cliquez ici pour lire l&rsquo;article depuis sa source.<\/a><\/p>\n","protected":false},"excerpt":{"rendered":"<p>C\u2019est ce qui s\u2019appelle faire coup double\u00a0! Smeia a d\u00e9voil\u00e9 r\u00e9cemment et en avant-premi\u00e8re deux vaisseaux haut de gamme de la flotte de BMW, \u00e0 savoir l\u2019in\u00e9dite S\u00e9rie 7 et, \u00e0 ses c\u00f4t\u00e9s, le X7 qui s\u2019est vu offrir une cure de fra\u00eecheur afin d\u2019entamer la seconde partie de sa Auteur: David J\u00e9r\u00e9mie Cliquez ici [&hellip;]<\/p>\n","protected":false},"author":1787,"featured_media":0,"comment_status":"closed","ping_status":"closed","sticky":false,"template":"","format":"standard","meta":{"fifu_image_url":"https:\/\/www.challenge.ma\/wp-content\/uploads\/2022\/06\/Ouv-BMW-600-x-400.jpg","fifu_image_alt":"Maroc. Smeia d\u00e9voile en avant-premi\u00e8re la nouvelle S\u00e9rie 7 et le X7","footnotes":""},"categories":[78,54],"tags":[],"class_list":["post-151005","post","type-post","status-publish","format-standard","hentry","category-economie","category-maroc"],"_links":{"self":[{"href":"https:\/\/linitiative.ca\/International\/wp-json\/wp\/v2\/posts\/151005","targetHints":{"allow":["GET"]}}],"collection":[{"href":"https:\/\/linitiative.ca\/International\/wp-json\/wp\/v2\/posts"}],"about":[{"href":"https:\/\/linitiative.ca\/International\/wp-json\/wp\/v2\/types\/post"}],"author":[{"embeddable":true,"href":"https:\/\/linitiative.ca\/International\/wp-json\/wp\/v2\/users\/1787"}],"replies":[{"embeddable":true,"href":"https:\/\/linitiative.ca\/International\/wp-json\/wp\/v2\/comments?post=151005"}],"version-history":[{"count":0,"href":"https:\/\/linitiative.ca\/International\/wp-json\/wp\/v2\/posts\/151005\/revisions"}],"wp:attachment":[{"href":"https:\/\/linitiative.ca\/International\/wp-json\/wp\/v2\/media?parent=151005"}],"wp:term":[{"taxonomy":"category","embeddable":true,"href":"https:\/\/linitiative.ca\/International\/wp-json\/wp\/v2\/categories?post=151005"},{"taxonomy":"post_tag","embeddable":true,"href":"https:\/\/linitiative.ca\/International\/wp-json\/wp\/v2\/tags?post=151005"}],"curies":[{"name":"wp","href":"https:\/\/api.w.org\/{rel}","templated":true}]}}