{"id":151009,"date":"2022-06-25T13:54:34","date_gmt":"2022-06-25T17:54:34","guid":{"rendered":"https:\/\/linitiative.ca\/International\/israel-offre-des-emplois-aux-marocains-dans-la-construction-et-les-soins-infirmiers\/"},"modified":"2022-06-25T13:54:34","modified_gmt":"2022-06-25T17:54:34","slug":"israel-offre-des-emplois-aux-marocains-dans-la-construction-et-les-soins-infirmiers","status":"publish","type":"post","link":"https:\/\/linitiative.ca\/International\/israel-offre-des-emplois-aux-marocains-dans-la-construction-et-les-soins-infirmiers\/","title":{"rendered":"Israel offre des emplois aux marocains dans la construction et les soins\u00a0infirmiers"},"content":{"rendered":"<div><img decoding=\"async\" width=\"620\" height=\"330\" src=\"https:\/\/linitiative.ca\/International\/wp-content\/uploads\/sites\/23\/2022\/06\/construction3-620x330-1.jpg\" class=\"attachment-post-thumbnail size-post-thumbnail wp-post-image\" alt=\"\" loading=\"lazy\" srcset=\"https:\/\/linitiative.ca\/International\/wp-content\/uploads\/sites\/23\/2022\/06\/construction3-620x330-1.jpg 620w, https:\/\/www.challenge.ma\/wp-content\/uploads\/2015\/03\/construction3-620x330-300x159.jpg 300w, https:\/\/www.challenge.ma\/wp-content\/uploads\/2015\/03\/construction3-620x330-600x319.jpg 600w, https:\/\/www.challenge.ma\/wp-content\/uploads\/2015\/03\/construction3-620x330-103x55.jpg 103w, https:\/\/www.challenge.ma\/wp-content\/uploads\/2015\/03\/construction3-620x330-310x165.jpg 310w, https:\/\/www.challenge.ma\/wp-content\/uploads\/2015\/03\/construction3-620x330-112x59.jpg 112w\" sizes=\"auto, (max-width: 620px) 100vw, 620px\" itemprop=\"image\">Des travailleurs de la construction et des soignants marocains travailleront en Isra\u00ebl dans le cadre d\u2019un projet pilote, a annonc\u00e9 mardi\u00a0la ministre isra\u00e9lienne de l\u2019Int\u00e9rieur,\u00a0Ayelet Shaked. Shaked s\u2019est entretenue avec la presse \u00e0 la suite de ses entretiens \u00e0 Rabat avec le ministre des Affaires \u00e9trang\u00e8res Nasser Bourita. En effet,<\/div>\n<p>Auteur: Mehdi Ouazzani<br \/>\n<a href=\"https:\/\/www.challenge.ma\/israel-offre-des-emplois-aux-marocains-dans-la-construction-et-les-soins-infirmiers-241460\/\">Cliquez ici pour lire l&rsquo;article depuis sa source.<\/a><\/p>\n","protected":false},"excerpt":{"rendered":"<p>Des travailleurs de la construction et des soignants marocains travailleront en Isra\u00ebl dans le cadre d\u2019un projet pilote, a annonc\u00e9 mardi\u00a0la ministre isra\u00e9lienne de l\u2019Int\u00e9rieur,\u00a0Ayelet Shaked. Shaked s\u2019est entretenue avec la presse \u00e0 la suite de ses entretiens \u00e0 Rabat avec le ministre des Affaires \u00e9trang\u00e8res Nasser Bourita. En effet, Auteur: Mehdi Ouazzani Cliquez ici [&hellip;]<\/p>\n","protected":false},"author":1787,"featured_media":0,"comment_status":"closed","ping_status":"closed","sticky":false,"template":"","format":"standard","meta":{"fifu_image_url":"https:\/\/www.challenge.ma\/wp-content\/uploads\/2015\/03\/construction3-620x330.jpg","fifu_image_alt":"Israel offre des emplois aux marocains dans la construction et les soins\u00a0infirmiers","footnotes":""},"categories":[78,54],"tags":[],"class_list":["post-151009","post","type-post","status-publish","format-standard","hentry","category-economie","category-maroc"],"_links":{"self":[{"href":"https:\/\/linitiative.ca\/International\/wp-json\/wp\/v2\/posts\/151009","targetHints":{"allow":["GET"]}}],"collection":[{"href":"https:\/\/linitiative.ca\/International\/wp-json\/wp\/v2\/posts"}],"about":[{"href":"https:\/\/linitiative.ca\/International\/wp-json\/wp\/v2\/types\/post"}],"author":[{"embeddable":true,"href":"https:\/\/linitiative.ca\/International\/wp-json\/wp\/v2\/users\/1787"}],"replies":[{"embeddable":true,"href":"https:\/\/linitiative.ca\/International\/wp-json\/wp\/v2\/comments?post=151009"}],"version-history":[{"count":0,"href":"https:\/\/linitiative.ca\/International\/wp-json\/wp\/v2\/posts\/151009\/revisions"}],"wp:attachment":[{"href":"https:\/\/linitiative.ca\/International\/wp-json\/wp\/v2\/media?parent=151009"}],"wp:term":[{"taxonomy":"category","embeddable":true,"href":"https:\/\/linitiative.ca\/International\/wp-json\/wp\/v2\/categories?post=151009"},{"taxonomy":"post_tag","embeddable":true,"href":"https:\/\/linitiative.ca\/International\/wp-json\/wp\/v2\/tags?post=151009"}],"curies":[{"name":"wp","href":"https:\/\/api.w.org\/{rel}","templated":true}]}}