{"id":151017,"date":"2022-06-25T06:36:33","date_gmt":"2022-06-25T10:36:33","guid":{"rendered":"https:\/\/linitiative.ca\/International\/operation-mana-mana-brouette-en-mains-le-president-paul-henri-damiba-soutient-linitiative-contre-linsalubrite\/"},"modified":"2022-06-25T06:36:33","modified_gmt":"2022-06-25T10:36:33","slug":"operation-mana-mana-brouette-en-mains-le-president-paul-henri-damiba-soutient-linitiative-contre-linsalubrite","status":"publish","type":"post","link":"https:\/\/linitiative.ca\/International\/operation-mana-mana-brouette-en-mains-le-president-paul-henri-damiba-soutient-linitiative-contre-linsalubrite\/","title":{"rendered":"Op\u00e9ration mana-mana\u00a0: Brouette en mains, le pr\u00e9sident Paul Henri Damiba soutient l\u2019initiative contre l\u2019insalubrit\u00e9 \u00a0"},"content":{"rendered":"<div>\n<p>\u00a0<\/p>\n<p>Pour promouvoir les valeurs de patriotisme, de l\u2019engagement citoyen et \u00a0de solidarit\u00e9, le minist\u00e8re en charge des Sports a lanc\u00e9 l\u2019op\u00e9ration mana- mana, des actions de salubrit\u00e9 qui se tiennent tous les derniers samedis du mois sur l\u2019\u00e9tendue du territoire burkinab\u00e8.<\/p>\n<p>Ce samedi 25 juin 2022, le pr\u00e9sident du Faso, le lieutenant-colonel Paul Henri Sandaogo Damiba participe \u00e0 l\u2019op\u00e9ration.<\/p>\n<p><strong>AK<\/strong><\/p>\n<p><strong>Source\u00a0: AIB<\/strong><\/p>\n<p>\u00a0<\/p>\n<\/div>\n<p>Auteur: Wamini SIDWAYA<br \/>\n<a href=\"https:\/\/www.sidwaya.info\/blog\/2022\/06\/25\/operation-mana-mana-brouette-en-mains-le-president-paul-henri-damiba-soutient-linitiative-contre-linsalubrite\/\">Cliquez ici pour lire l&rsquo;article depuis sa source.<\/a><\/p>\n","protected":false},"excerpt":{"rendered":"<p>\u00a0 Pour promouvoir les valeurs de patriotisme, de l\u2019engagement citoyen et \u00a0de solidarit\u00e9, le minist\u00e8re en charge des Sports a lanc\u00e9 l\u2019op\u00e9ration mana- mana, des actions de salubrit\u00e9 qui se tiennent tous les derniers samedis du mois sur l\u2019\u00e9tendue du territoire burkinab\u00e8. Ce samedi 25 juin 2022, le pr\u00e9sident du Faso, le lieutenant-colonel Paul Henri [&hellip;]<\/p>\n","protected":false},"author":1816,"featured_media":0,"comment_status":"closed","ping_status":"closed","sticky":false,"template":"","format":"standard","meta":{"fifu_image_url":"","fifu_image_alt":"","footnotes":""},"categories":[73,81],"tags":[],"class_list":["post-151017","post","type-post","status-publish","format-standard","hentry","category-actualite","category-burkina-faso"],"_links":{"self":[{"href":"https:\/\/linitiative.ca\/International\/wp-json\/wp\/v2\/posts\/151017","targetHints":{"allow":["GET"]}}],"collection":[{"href":"https:\/\/linitiative.ca\/International\/wp-json\/wp\/v2\/posts"}],"about":[{"href":"https:\/\/linitiative.ca\/International\/wp-json\/wp\/v2\/types\/post"}],"author":[{"embeddable":true,"href":"https:\/\/linitiative.ca\/International\/wp-json\/wp\/v2\/users\/1816"}],"replies":[{"embeddable":true,"href":"https:\/\/linitiative.ca\/International\/wp-json\/wp\/v2\/comments?post=151017"}],"version-history":[{"count":0,"href":"https:\/\/linitiative.ca\/International\/wp-json\/wp\/v2\/posts\/151017\/revisions"}],"wp:attachment":[{"href":"https:\/\/linitiative.ca\/International\/wp-json\/wp\/v2\/media?parent=151017"}],"wp:term":[{"taxonomy":"category","embeddable":true,"href":"https:\/\/linitiative.ca\/International\/wp-json\/wp\/v2\/categories?post=151017"},{"taxonomy":"post_tag","embeddable":true,"href":"https:\/\/linitiative.ca\/International\/wp-json\/wp\/v2\/tags?post=151017"}],"curies":[{"name":"wp","href":"https:\/\/api.w.org\/{rel}","templated":true}]}}