{"id":151018,"date":"2022-06-25T09:08:35","date_gmt":"2022-06-25T13:08:35","guid":{"rendered":"https:\/\/linitiative.ca\/International\/operation-mana-mana-si-nous-pouvons-nous-mettre-ensemble-pour-rendre-nos-villes-propres-nous-pouvons-egalement-nous-mettre-ensemble-pour-relever-les-autres-defis-estime-le-presi\/"},"modified":"2022-06-25T09:08:35","modified_gmt":"2022-06-25T13:08:35","slug":"operation-mana-mana-si-nous-pouvons-nous-mettre-ensemble-pour-rendre-nos-villes-propres-nous-pouvons-egalement-nous-mettre-ensemble-pour-relever-les-autres-defis-estime-le-presi","status":"publish","type":"post","link":"https:\/\/linitiative.ca\/International\/operation-mana-mana-si-nous-pouvons-nous-mettre-ensemble-pour-rendre-nos-villes-propres-nous-pouvons-egalement-nous-mettre-ensemble-pour-relever-les-autres-defis-estime-le-presi\/","title":{"rendered":"Op\u00e9ration\u00a0 mana-mana : \u00abSi nous pouvons nous mettre ensemble pour rendre nos villes propres, nous pouvons \u00e9galement nous mettre ensemble pour relever les autres d\u00e9fis \u00bb, estime le Pr\u00e9sident du Faso Paul-Henri Sandaogo DAMIBA"},"content":{"rendered":"<div>\n<p>Apres avoir visit\u00e9 quelques sites de nettoyage dans la ville de Ouagadougou et\u00a0 particip\u00e9 \u00a0\u00e0 l\u2019op\u00e9ration mana mana de ce samedi 25 juin 2022, en ramassant des ordures, le pr\u00e9sident du Faso, le Lieutenant-colonel Paul-Henri Sandaogo DAMIBA entend \u00a0p\u00e9renniser cette op\u00e9ration de salubrit\u00e9 dans nos villes et dans nos campagnes. <em>\u00ab Je suis sorti pour voir la mobilisation autour de cette activit\u00e9 des travaux d\u2019int\u00e9r\u00eat commun, d\u2019int\u00e9r\u00eat g\u00e9n\u00e9ral. Je sens que les populations y adh\u00e8rent progressivement \u00bb,<\/em> a-t-il\u00a0 d\u00e9clar\u00e9.<\/p>\n<p>Pour le Pr\u00e9sident DAMIBA, les activit\u00e9s li\u00e9es aux travaux d\u2019int\u00e9r\u00eat commun traduisent un engagement patriotique, un engagement de solidarit\u00e9 et surtout un engagement citoyen.<\/p>\n<p>A cette occasion, le Chef de l\u2019Etat a invit\u00e9 les Burkinab\u00e8 \u00e0 l\u2019union face aux diff\u00e9rents d\u00e9fis qui se pr\u00e9sentent \u00e0 la Nation.<\/p>\n<p><em>\u00ab Si nous pouvons nous mettre ensemble pour rendre nos villes propres, nous pouvons \u00e9galement nous mettre ensemble pour relever les autres d\u00e9fis qui se posent \u00e0 la Nation \u00bb,<\/em> a soutenu le Pr\u00e9sident du Faso.<\/p>\n<p>Dans cette optique, le Chef de l\u2019Etat a appel\u00e9 ses concitoyens \u00e0 la mobilisation pour faire de cette op\u00e9ration mana mana, un acte patriotique majeur, que \u00e7a soit dans le cadre des op\u00e9rations de salubrit\u00e9 ou tout autre d\u00e9fi qui se pose \u00e0 la Nation, notamment le d\u00e9fi de la s\u00e9curit\u00e9 pour tous les Burkinab\u00e8.<\/p>\n<p><strong>Sidwaya.info<\/strong><\/p>\n<p><strong>(Source\u00a0: Direction de la communication de la Pr\u00e9sidence du Faso)<\/strong><\/p>\n<\/div>\n<p>Auteur: Wamini SIDWAYA<br \/>\n<a href=\"https:\/\/www.sidwaya.info\/blog\/2022\/06\/25\/operation-mana-mana-si-nous-pouvons-nous-mettre-ensemble-pour-rendre-nos-villes-propres-nous-pouvons-egalement-nous-mettre-ensemble-pour-relever-les-autres-defis-estime-le-presi\/\">Cliquez ici pour lire l&rsquo;article depuis sa source.<\/a><\/p>\n","protected":false},"excerpt":{"rendered":"<p>Apres avoir visit\u00e9 quelques sites de nettoyage dans la ville de Ouagadougou et\u00a0 particip\u00e9 \u00a0\u00e0 l\u2019op\u00e9ration mana mana de ce samedi 25 juin 2022, en ramassant des ordures, le pr\u00e9sident du Faso, le Lieutenant-colonel Paul-Henri Sandaogo DAMIBA entend \u00a0p\u00e9renniser cette op\u00e9ration de salubrit\u00e9 dans nos villes et dans nos campagnes. \u00ab Je suis sorti pour [&hellip;]<\/p>\n","protected":false},"author":1816,"featured_media":0,"comment_status":"closed","ping_status":"closed","sticky":false,"template":"","format":"standard","meta":{"fifu_image_url":"","fifu_image_alt":"","footnotes":""},"categories":[73,81],"tags":[],"class_list":["post-151018","post","type-post","status-publish","format-standard","hentry","category-actualite","category-burkina-faso"],"_links":{"self":[{"href":"https:\/\/linitiative.ca\/International\/wp-json\/wp\/v2\/posts\/151018","targetHints":{"allow":["GET"]}}],"collection":[{"href":"https:\/\/linitiative.ca\/International\/wp-json\/wp\/v2\/posts"}],"about":[{"href":"https:\/\/linitiative.ca\/International\/wp-json\/wp\/v2\/types\/post"}],"author":[{"embeddable":true,"href":"https:\/\/linitiative.ca\/International\/wp-json\/wp\/v2\/users\/1816"}],"replies":[{"embeddable":true,"href":"https:\/\/linitiative.ca\/International\/wp-json\/wp\/v2\/comments?post=151018"}],"version-history":[{"count":0,"href":"https:\/\/linitiative.ca\/International\/wp-json\/wp\/v2\/posts\/151018\/revisions"}],"wp:attachment":[{"href":"https:\/\/linitiative.ca\/International\/wp-json\/wp\/v2\/media?parent=151018"}],"wp:term":[{"taxonomy":"category","embeddable":true,"href":"https:\/\/linitiative.ca\/International\/wp-json\/wp\/v2\/categories?post=151018"},{"taxonomy":"post_tag","embeddable":true,"href":"https:\/\/linitiative.ca\/International\/wp-json\/wp\/v2\/tags?post=151018"}],"curies":[{"name":"wp","href":"https:\/\/api.w.org\/{rel}","templated":true}]}}