{"id":151020,"date":"2022-06-25T11:01:48","date_gmt":"2022-06-25T15:01:48","guid":{"rendered":"https:\/\/linitiative.ca\/International\/mali-en-promulguant-la-nouvelle-loi-electorale-le-colonel-assimi-goita-desavoue-le-premier-ministre-de-choguel-maiga\/"},"modified":"2022-06-25T11:01:48","modified_gmt":"2022-06-25T15:01:48","slug":"mali-en-promulguant-la-nouvelle-loi-electorale-le-colonel-assimi-goita-desavoue-le-premier-ministre-de-choguel-maiga","status":"publish","type":"post","link":"https:\/\/linitiative.ca\/International\/mali-en-promulguant-la-nouvelle-loi-electorale-le-colonel-assimi-goita-desavoue-le-premier-ministre-de-choguel-maiga\/","title":{"rendered":"Mali: en promulguant la nouvelle loi \u00e9lectorale, le colonel Assimi Go\u00efta\u00a0 d\u00e9savoue le Premier ministre de Choguel Maiga  \u00a0"},"content":{"rendered":"<div>\n<p>La loi \u00e9lectorale du Mali a \u00e9t\u00e9, vendredi 24 juin 2022, promulgu\u00e9e par le pr\u00e9sident de la Transition, le colonel\u00a0 Assimi Go\u00efta. <em>\u00ab\u00a0La pr\u00e9sente loi traite de l\u2019organe unique et ind\u00e9pendant de gestion des \u00e9lections et fixe le r\u00e9gime du r\u00e9f\u00e9rendum, de l\u2019\u00e9lection du Pr\u00e9sident de la R\u00e9publique et des Conseillers des Collectivit\u00e9s territoriales\u00a0\u00bb<\/em>, peut-on lire dans le document repris par AA.<\/p>\n<p>Adopt\u00e9e par le Conseil national de transition(CNT), apr\u00e8s avoir apport\u00e9 92 amendements au texte, cette loi est d\u00e9nonc\u00e9e par le \u00a0Premier ministre malien Choguel Maiga et son gouvernement. Avec cette promulgation, les autorit\u00e9s de la transition affichent leur volont\u00e9 de ramener le Mali \u00e0 l\u2019ordre constitutionnel, selon les exigences de la Communaut\u00e9 \u00e9conomique des \u00c9tats de l\u2019Afrique de l\u2019Ouest (C\u00e9d\u00e9ao).<\/p>\n<p>La suite du processus sera la pr\u00e9sentation \u00e0 l\u2019instance sous-r\u00e9gionale, par les autorit\u00e9s maliennes, d\u2019un calendrier qui permettra le retour des civils au pouvoir \u00e0 travers l\u2019organisation des \u00e9lections. Pour certains observateurs, cette d\u00e9cision du colonel Go\u00efta pourrait convaincre la C\u00e9d\u00e9ao qui se r\u00e9unira le 3 juillet prochain \u00e0 Accra de lever les lourdes sanctions contre le Mali.<\/p>\n<p><strong>AK<\/strong><\/p>\n<\/div>\n<p>Auteur: Wamini SIDWAYA<br \/>\n<a href=\"https:\/\/www.sidwaya.info\/blog\/2022\/06\/25\/mali-en-promulguant-la-nouvelle-loi-electorale-le-colonel-assimi-goita-desavoue-le-premier-ministre-de-choguel-maiga\/\">Cliquez ici pour lire l&rsquo;article depuis sa source.<\/a><\/p>\n","protected":false},"excerpt":{"rendered":"<p>La loi \u00e9lectorale du Mali a \u00e9t\u00e9, vendredi 24 juin 2022, promulgu\u00e9e par le pr\u00e9sident de la Transition, le colonel\u00a0 Assimi Go\u00efta. \u00ab\u00a0La pr\u00e9sente loi traite de l\u2019organe unique et ind\u00e9pendant de gestion des \u00e9lections et fixe le r\u00e9gime du r\u00e9f\u00e9rendum, de l\u2019\u00e9lection du Pr\u00e9sident de la R\u00e9publique et des Conseillers des Collectivit\u00e9s territoriales\u00a0\u00bb, peut-on [&hellip;]<\/p>\n","protected":false},"author":1816,"featured_media":0,"comment_status":"closed","ping_status":"closed","sticky":false,"template":"","format":"standard","meta":{"fifu_image_url":"","fifu_image_alt":"","footnotes":""},"categories":[73,81],"tags":[],"class_list":["post-151020","post","type-post","status-publish","format-standard","hentry","category-actualite","category-burkina-faso"],"_links":{"self":[{"href":"https:\/\/linitiative.ca\/International\/wp-json\/wp\/v2\/posts\/151020","targetHints":{"allow":["GET"]}}],"collection":[{"href":"https:\/\/linitiative.ca\/International\/wp-json\/wp\/v2\/posts"}],"about":[{"href":"https:\/\/linitiative.ca\/International\/wp-json\/wp\/v2\/types\/post"}],"author":[{"embeddable":true,"href":"https:\/\/linitiative.ca\/International\/wp-json\/wp\/v2\/users\/1816"}],"replies":[{"embeddable":true,"href":"https:\/\/linitiative.ca\/International\/wp-json\/wp\/v2\/comments?post=151020"}],"version-history":[{"count":0,"href":"https:\/\/linitiative.ca\/International\/wp-json\/wp\/v2\/posts\/151020\/revisions"}],"wp:attachment":[{"href":"https:\/\/linitiative.ca\/International\/wp-json\/wp\/v2\/media?parent=151020"}],"wp:term":[{"taxonomy":"category","embeddable":true,"href":"https:\/\/linitiative.ca\/International\/wp-json\/wp\/v2\/categories?post=151020"},{"taxonomy":"post_tag","embeddable":true,"href":"https:\/\/linitiative.ca\/International\/wp-json\/wp\/v2\/tags?post=151020"}],"curies":[{"name":"wp","href":"https:\/\/api.w.org\/{rel}","templated":true}]}}