{"id":151021,"date":"2022-06-25T11:18:03","date_gmt":"2022-06-25T15:18:03","guid":{"rendered":"https:\/\/linitiative.ca\/International\/cote-divoire-le-taux-dacces-a-lelectricite-estime-a-92\/"},"modified":"2022-06-25T11:18:03","modified_gmt":"2022-06-25T15:18:03","slug":"cote-divoire-le-taux-dacces-a-lelectricite-estime-a-92","status":"publish","type":"post","link":"https:\/\/linitiative.ca\/International\/cote-divoire-le-taux-dacces-a-lelectricite-estime-a-92\/","title":{"rendered":"C\u00f4te d\u2019Ivoire: le taux d\u2019acc\u00e8s \u00e0 l\u2019\u00e9lectricit\u00e9 estim\u00e9 \u00e0 92%"},"content":{"rendered":"<div>\n<p>Le taux d\u2019acc\u00e8s \u00e0 l\u2019\u00e9lectricit\u00e9 en C\u00f4te d\u2019Ivoire est estim\u00e9 \u00e0 92%, a indiqu\u00e9 vendredi le ministre ivoirien des Mines, du p\u00e9trole et de l\u2019\u00e9nergie, Mamadou Sangafowa Coulibaly, lors d\u2019une visite du pr\u00e9sident nig\u00e9rien Mohamed Bazoum, \u00e0 la centrale thermique de la CIPREL.\u00a0\u00bbLe taux d\u2019acc\u00e8s \u00e0 l\u2019\u00e9lectricit\u00e9 a atteint 92% dans notre pays\u00a0\u00bb, a d\u00e9clar\u00e9 le ministre ivoirien Mamadou Sangafowa Coulibaly, \u00e0 l\u2019occasion d\u2019une visite de M. Mohamed Bazoum, \u00e0 la Compagnie ivoirienne de production d\u2019\u00e9lectricit\u00e9 (CIPREL).<\/p>\n<p>Il a relev\u00e9 qu\u2019entre 2012 et 2021, la C\u00f4te d\u2019Ivoire a plus que doubl\u00e9 ses exportations d\u2019\u00e9nergie dans la sous-r\u00e9gion. Celles-ci sont pass\u00e9es de 620 gigawattheures (GWh) \u00e0 1275 GWh, soit une croissance de 105%.\u00a0<\/p>\n<p>\u00ab\u00a0Nous avons dans le m\u00eame temps multipli\u00e9 par trois le nombre d\u2019abonn\u00e9s dans notre pays, passant de 1,1 million d\u2019abonn\u00e9s \u00e0 3,25 millions, soit une hausse de 195%\u00a0\u00bb, a ajout\u00e9 le ministre Mamadou Sangafowa Coulibaly.<\/p>\n<p>L\u2019\u00e9nergie produite en C\u00f4te d\u2019Ivoire est essentiellement d\u2019origine thermique et hydraulique avec des progr\u00e8s r\u00e9els en cours dans les \u00e9nergies renouvelables. Le pays s\u2019est engag\u00e9 \u00e0 porter la part des \u00e9nergies renouvelables \u00e0 45% de l\u2019\u00e9nergie totale produite en 2030 contre 30% aujourd\u2019hui.<\/p>\n<p>La CIPREL repr\u00e9sente 32% de la production totale d\u2019\u00e9lectricit\u00e9 et 38% de l\u2019\u00e9nergie thermique du pays. Avec une production importante de gaz, la C\u00f4te d\u2019Ivoire ambitionne d\u2019\u00eatre un hub \u00e9nerg\u00e9tique r\u00e9gional.\u00a0<\/p>\n<p>Le pr\u00e9sident nig\u00e9rien, Mohamed Bazoum, qui ach\u00e8ve une visite de 48h \u00e0 Abidjan, s\u2019est dit \u00ab\u00a0impressionn\u00e9\u00a0\u00bb de ce qu\u2019il a vu, rappelant que la C\u00f4te d\u2019Ivoire, en 95, \u00e9tait en butte \u00e0 des difficult\u00e9s dans la production d\u2019\u00e9nergie, mais aujourd\u2019hui a une capacit\u00e9 suffisante d\u2019\u00e9nergie et en exporte.\u00a0<\/p>\n<p>\u00ab\u00a0Nous sommes dans une logique d\u2019interconnexion au niveau de la Cedeao et l\u2019\u00e9lectricit\u00e9 produite en C\u00f4te d\u2019Ivoire (peut servir) le plus loin possible, au sein de la r\u00e9gion ouest-africaine\u00a0\u00bb, a-t-il poursuivi.\u00a0<\/p>\n<p>Le directeur g\u00e9n\u00e9ral de la CIPREL, Mme Kadidjatou Diallo, a not\u00e9 que cette centrale, cr\u00e9\u00e9e en 94, op\u00e8re sous forme de \u00ab\u00a0BOT\u00a0\u00bb de production d\u2019\u00e9lectricit\u00e9. Elle a investi 330 milliards Fcfa pour 556 Mw de puissance install\u00e9e et a un engagement annuel contractuel de 3.510 GWh depuis janvier 2022. \u00a0<\/p>\n<p>La CIPREL appartient au groupe industriel panafricain Eranove, \u00a0qui existe depuis plus de 60 ans. En 2021, le groupe enregistrait 8334 collaborateurs, 1247 MW de capacit\u00e9s op\u00e9r\u00e9es et 5522 GWh d\u2019\u00e9lectricit\u00e9 produite.\u00a0<\/p>\n<p>La visite s\u2019est d\u00e9roul\u00e9e en pr\u00e9sence du vice-pr\u00e9sident de la R\u00e9publique de C\u00f4te d\u2019Ivoire, M. Meyliet Ti\u00e9moko Kon\u00e9. Le pr\u00e9sident nig\u00e9rien est le quatri\u00e8me chef d\u2019\u00c9tat \u00e0 visiter les installations de la CIPREL apr\u00e8s les pr\u00e9sidents ghan\u00e9en (en 2017), lib\u00e9rien (en 2018) et s\u00e9n\u00e9galais (en 2019).<\/p>\n<p>Cet article <a rel=\"nofollow\" href=\"https:\/\/www.journalducameroun.com\/cote-divoire-le-taux-dacces-a-lelectricite-estime-a-92\/\">C\u00f4te d\u2019Ivoire: le taux d\u2019acc\u00e8s \u00e0 l\u2019\u00e9lectricit\u00e9 estim\u00e9 \u00e0 92%<\/a> est apparu en premier sur <a rel=\"nofollow\" href=\"https:\/\/www.journalducameroun.com\/\">Journal du Cameroun<\/a>.<\/p>\n<\/div>\n<p>Auteur: APA News<br \/>\n<a href=\"https:\/\/www.journalducameroun.com\/cote-divoire-le-taux-dacces-a-lelectricite-estime-a-92\/\">Cliquez ici pour lire l&rsquo;article depuis sa source.<\/a><\/p>\n","protected":false},"excerpt":{"rendered":"<p>Le taux d\u2019acc\u00e8s \u00e0 l\u2019\u00e9lectricit\u00e9 en C\u00f4te d\u2019Ivoire est estim\u00e9 \u00e0 92%, a indiqu\u00e9 vendredi le ministre ivoirien des Mines, du p\u00e9trole et de l\u2019\u00e9nergie, Mamadou Sangafowa Coulibaly, lors d\u2019une visite du pr\u00e9sident nig\u00e9rien Mohamed Bazoum, \u00e0 la centrale thermique de la CIPREL.\u00a0\u00bbLe taux d\u2019acc\u00e8s \u00e0 l\u2019\u00e9lectricit\u00e9 a atteint 92% dans notre pays\u00a0\u00bb, a d\u00e9clar\u00e9 [&hellip;]<\/p>\n","protected":false},"author":1965,"featured_media":0,"comment_status":"closed","ping_status":"closed","sticky":false,"template":"","format":"standard","meta":{"fifu_image_url":"","fifu_image_alt":"","footnotes":""},"categories":[73,82],"tags":[],"class_list":["post-151021","post","type-post","status-publish","format-standard","hentry","category-actualite","category-cameroun"],"_links":{"self":[{"href":"https:\/\/linitiative.ca\/International\/wp-json\/wp\/v2\/posts\/151021","targetHints":{"allow":["GET"]}}],"collection":[{"href":"https:\/\/linitiative.ca\/International\/wp-json\/wp\/v2\/posts"}],"about":[{"href":"https:\/\/linitiative.ca\/International\/wp-json\/wp\/v2\/types\/post"}],"author":[{"embeddable":true,"href":"https:\/\/linitiative.ca\/International\/wp-json\/wp\/v2\/users\/1965"}],"replies":[{"embeddable":true,"href":"https:\/\/linitiative.ca\/International\/wp-json\/wp\/v2\/comments?post=151021"}],"version-history":[{"count":0,"href":"https:\/\/linitiative.ca\/International\/wp-json\/wp\/v2\/posts\/151021\/revisions"}],"wp:attachment":[{"href":"https:\/\/linitiative.ca\/International\/wp-json\/wp\/v2\/media?parent=151021"}],"wp:term":[{"taxonomy":"category","embeddable":true,"href":"https:\/\/linitiative.ca\/International\/wp-json\/wp\/v2\/categories?post=151021"},{"taxonomy":"post_tag","embeddable":true,"href":"https:\/\/linitiative.ca\/International\/wp-json\/wp\/v2\/tags?post=151021"}],"curies":[{"name":"wp","href":"https:\/\/api.w.org\/{rel}","templated":true}]}}