{"id":151026,"date":"2022-06-25T13:18:03","date_gmt":"2022-06-25T17:18:03","guid":{"rendered":"https:\/\/linitiative.ca\/International\/senegal-la-boad-soutient-lassainissement-et-leducation\/"},"modified":"2022-06-25T13:18:03","modified_gmt":"2022-06-25T17:18:03","slug":"senegal-la-boad-soutient-lassainissement-et-leducation","status":"publish","type":"post","link":"https:\/\/linitiative.ca\/International\/senegal-la-boad-soutient-lassainissement-et-leducation\/","title":{"rendered":"S\u00e9n\u00e9gal : la BOAD soutient l\u2019assainissement et l\u2019\u00e9ducation"},"content":{"rendered":"<div>\n<p><img decoding=\"async\" width=\"2220\" height=\"1629\" src=\"https:\/\/linitiative.ca\/International\/wp-content\/uploads\/sites\/23\/2022\/06\/16561774841006.jpg\" class=\"attachment-post-thumbnail size-post-thumbnail wp-post-image\" alt=\"\" loading=\"lazy\" srcset=\"https:\/\/linitiative.ca\/International\/wp-content\/uploads\/sites\/23\/2022\/06\/16561774841006.jpg 2220w, https:\/\/www.journalducameroun.com\/wp-content\/uploads\/2022\/06\/16561774841006-300x220.jpg 300w, https:\/\/www.journalducameroun.com\/wp-content\/uploads\/2022\/06\/16561774841006-1024x751.jpg 1024w, https:\/\/www.journalducameroun.com\/wp-content\/uploads\/2022\/06\/16561774841006-768x564.jpg 768w, https:\/\/www.journalducameroun.com\/wp-content\/uploads\/2022\/06\/16561774841006-1536x1127.jpg 1536w, https:\/\/www.journalducameroun.com\/wp-content\/uploads\/2022\/06\/16561774841006-2048x1503.jpg 2048w, https:\/\/www.journalducameroun.com\/wp-content\/uploads\/2022\/06\/16561774841006-600x440.jpg 600w\" sizes=\"auto, (max-width: 2220px) 100vw, 2220px\"><\/p>\n<p>La Banque Ouest Africaine de D\u00e9veloppement va allouer 40 milliards de F CFA \u00e0 ces deux secteurs.Amadou Hott, Ministre de l&rsquo;Economie, du Plan et de la Coop\u00e9ration, et Serge Eku\u00e9 Pr\u00e9sident de la Banque Ouest-Africaine de D\u00e9veloppement (BOAD) ont sign\u00e9, vendredi soir \u00e0 Dakar, deux conventions de financement pour appuyer des projets de d\u00e9veloppement en cours d&rsquo;ex\u00e9cution.\u00a0<\/p>\n<p>La premi\u00e8re porte sur le financement compl\u00e9mentaire de la phase de consolidation du Programme d&rsquo;assainissement dans 10 villes du S\u00e9n\u00e9gal, dont Dakar et sa banlieue, Saint-Louis, Tambacounda, Kolda, Touba et Tivaouane pour un montant de 15 milliards de Francs CFA.\u00a0<\/p>\n<p>L&rsquo;objectif vis\u00e9 est d&rsquo;am\u00e9liorer de fa\u00e7on significative les conditions de vie et la sant\u00e9 des populations, en favorisant l&rsquo;acc\u00e8s durable aux services publics d&rsquo;assainissement.<\/p>\n<p>Ce programme permettra entre autres d&rsquo;accroitre le taux d&rsquo;acc\u00e8s \u00e0 l&rsquo;assainissement des eaux us\u00e9es dans la zone du Programme de 56% en 2014 \u00e0 74% en 2024 ; d&rsquo;accroitre le taux de d\u00e9pollution de 40% en 2014 \u00e0 50% en 2024 ; d&rsquo;augmenter de 46% la capacit\u00e9 de traitement des eaux us\u00e9es dans la zone du Programme par un traitement additionnel de 10 408 m 3 \/jour.\u00a0<\/p>\n<p>Il devrait aussi permettre d&rsquo;atteindre un niveau de traitement des eaux us\u00e9es conforme aux directives de l&rsquo;OMS ; et de r\u00e9duire de 30% le nombre de personnes affect\u00e9es par les inondations dans la ville de Kaolack.<\/p>\n<p>La deuxi\u00e8me convention est relative au Programme de Remplacement d&rsquo;Abris Provisoires et d&rsquo;ouvrages annexes (PRORAP) du secteur de l&rsquo;\u00e9ducation. Elle ambitionne de contribuer \u00e0 la satisfaction de la demande en salles de classe et corriger les disparit\u00e9s au niveau de l&rsquo;\u00e9ducation nationale.\u00a0<\/p>\n<p>De mani\u00e8re sp\u00e9cifique, il s&rsquo;agira de mettre dans de bonnes conditions d&rsquo;apprentissage 85 624 enfants d\u00e9favoris\u00e9s et de r\u00e9duire de 50% le taux d&rsquo;abandon dans les \u00e9coles concern\u00e9es.<\/p>\n<p>Les principaux r\u00e9sultats attendus par le Gouvernement demeurent la construction et l&rsquo;\u00e9quipement des 1529 salles de classe \u00e9quip\u00e9es d&rsquo;ici 2024 et l&rsquo;am\u00e9lioration de l&rsquo;environnement et du cadre de vie des b\u00e9n\u00e9ficiaires. Il est \u00e9galement attendu la cr\u00e9ation de 726 emplois indirects et induits et 7 720 emplois cr\u00e9\u00e9s par le Projet.<\/p>\n<p>Le S\u00e9n\u00e9gal est le premier partenaire de la BOAD parmi les pays de l&rsquo;Union \u00e9conomique et mon\u00e9taire ouest-africaine (Uemoa). Ses engagements cumul\u00e9s au pays de la Teranga s&rsquo;\u00e9l\u00e8vent \u00e0 1 166,2 milliards de FCFA au 31 D\u00e9cembre 2021.<\/p>\n<p>Cet article <a rel=\"nofollow\" href=\"https:\/\/www.journalducameroun.com\/senegal-la-boad-soutient-lassainissement-et-leducation\/\">S\u00e9n\u00e9gal : la BOAD soutient l\u2019assainissement et l\u2019\u00e9ducation<\/a> est apparu en premier sur <a rel=\"nofollow\" href=\"https:\/\/www.journalducameroun.com\/\">Journal du Cameroun<\/a>.<\/p>\n<\/div>\n<p>Auteur: APA News<br \/>\n<a href=\"https:\/\/www.journalducameroun.com\/senegal-la-boad-soutient-lassainissement-et-leducation\/\">Cliquez ici pour lire l&rsquo;article depuis sa source.<\/a><\/p>\n","protected":false},"excerpt":{"rendered":"<p>La Banque Ouest Africaine de D\u00e9veloppement va allouer 40 milliards de F CFA \u00e0 ces deux secteurs.Amadou Hott, Ministre de l&rsquo;Economie, du Plan et de la Coop\u00e9ration, et Serge Eku\u00e9 Pr\u00e9sident de la Banque Ouest-Africaine de D\u00e9veloppement (BOAD) ont sign\u00e9, vendredi soir \u00e0 Dakar, deux conventions de financement pour appuyer des projets de d\u00e9veloppement en [&hellip;]<\/p>\n","protected":false},"author":1965,"featured_media":0,"comment_status":"closed","ping_status":"closed","sticky":false,"template":"","format":"standard","meta":{"fifu_image_url":"https:\/\/www.journalducameroun.com\/wp-content\/uploads\/2022\/06\/16561774841006.jpg","fifu_image_alt":"S\u00e9n\u00e9gal : la BOAD soutient l\u2019assainissement et l\u2019\u00e9ducation","footnotes":""},"categories":[73,82],"tags":[],"class_list":["post-151026","post","type-post","status-publish","format-standard","hentry","category-actualite","category-cameroun"],"_links":{"self":[{"href":"https:\/\/linitiative.ca\/International\/wp-json\/wp\/v2\/posts\/151026","targetHints":{"allow":["GET"]}}],"collection":[{"href":"https:\/\/linitiative.ca\/International\/wp-json\/wp\/v2\/posts"}],"about":[{"href":"https:\/\/linitiative.ca\/International\/wp-json\/wp\/v2\/types\/post"}],"author":[{"embeddable":true,"href":"https:\/\/linitiative.ca\/International\/wp-json\/wp\/v2\/users\/1965"}],"replies":[{"embeddable":true,"href":"https:\/\/linitiative.ca\/International\/wp-json\/wp\/v2\/comments?post=151026"}],"version-history":[{"count":0,"href":"https:\/\/linitiative.ca\/International\/wp-json\/wp\/v2\/posts\/151026\/revisions"}],"wp:attachment":[{"href":"https:\/\/linitiative.ca\/International\/wp-json\/wp\/v2\/media?parent=151026"}],"wp:term":[{"taxonomy":"category","embeddable":true,"href":"https:\/\/linitiative.ca\/International\/wp-json\/wp\/v2\/categories?post=151026"},{"taxonomy":"post_tag","embeddable":true,"href":"https:\/\/linitiative.ca\/International\/wp-json\/wp\/v2\/tags?post=151026"}],"curies":[{"name":"wp","href":"https:\/\/api.w.org\/{rel}","templated":true}]}}