{"id":151028,"date":"2022-06-25T13:18:05","date_gmt":"2022-06-25T17:18:05","guid":{"rendered":"https:\/\/linitiative.ca\/International\/promulgation-de-la-charte-revisee-vers-une-levee-de-lembargo-contre-le-mali\/"},"modified":"2022-06-25T13:18:05","modified_gmt":"2022-06-25T17:18:05","slug":"promulgation-de-la-charte-revisee-vers-une-levee-de-lembargo-contre-le-mali","status":"publish","type":"post","link":"https:\/\/linitiative.ca\/International\/promulgation-de-la-charte-revisee-vers-une-levee-de-lembargo-contre-le-mali\/","title":{"rendered":"Promulgation de la charte r\u00e9vis\u00e9e: vers une lev\u00e9e de l\u2019embargo contre le Mali"},"content":{"rendered":"<div>\n<p><img decoding=\"async\" width=\"700\" height=\"394\" src=\"https:\/\/linitiative.ca\/International\/wp-content\/uploads\/sites\/23\/2022\/06\/16561774859745.jpg\" class=\"attachment-post-thumbnail size-post-thumbnail wp-post-image\" alt=\"\" loading=\"lazy\" srcset=\"https:\/\/linitiative.ca\/International\/wp-content\/uploads\/sites\/23\/2022\/06\/16561774859745.jpg 700w, https:\/\/www.journalducameroun.com\/wp-content\/uploads\/2022\/06\/16561774859745-300x169.jpg 300w, https:\/\/www.journalducameroun.com\/wp-content\/uploads\/2022\/06\/16561774859745-780x440.jpg 780w, https:\/\/www.journalducameroun.com\/wp-content\/uploads\/2022\/06\/16561774859745-380x215.jpg 380w, https:\/\/www.journalducameroun.com\/wp-content\/uploads\/2022\/06\/16561774859745-160x90.jpg 160w, https:\/\/www.journalducameroun.com\/wp-content\/uploads\/2022\/06\/16561774859745-240x135.jpg 240w, https:\/\/www.journalducameroun.com\/wp-content\/uploads\/2022\/06\/16561774859745-600x338.jpg 600w\" sizes=\"auto, (max-width: 700px) 100vw, 700px\"><\/p>\n<p>Le pr\u00e9sident de la transition malienne a promulgu\u00e9 vendredi 24 juin la nouvelle loi \u00e9lectorale, un document controvers\u00e9 mais crucial pour la suite de la transition et une \u00e9ventuelle lev\u00e9e de l&#8217;embargo de la Cedeao contre le pays.Les Maliens croisent les doigts. A une semaine de la tenue du sommet d\u00e9cisif des chefs d&rsquo;Etat de la Communaut\u00e9 \u00e9conomique des Etats de l&rsquo;Afrique de l&rsquo;ouest (Cedeao), ils esp\u00e8rent que les lourdes sanctions prononc\u00e9es, le 9 janvier, contre leur pays seront cette fois lev\u00e9es ou fortement amoindries. L&rsquo;organisation sous-r\u00e9gionale attendait depuis longtemps que les militaires au pouvoir pr\u00e9sentent un calendrier de transition raisonnable en vue d&rsquo;un rapide retour des civils au pouvoir.\u00a0<\/p>\n<p>Mais au d\u00e9but de ce mois de juin, le colonel Assimi Go\u00efta a unilat\u00e9ralement prolong\u00e9 la transition de deux ans, soit jusqu&rsquo;\u00e0 mars 2024. Si la Cedeao a \u00ab\u00a0regrett\u00e9\u00a0\u00bb cette mesure prise en pleines n\u00e9gociations, cela n&rsquo;a pas emp\u00each\u00e9 \u00e0 Go\u00efta de poursuivre sa logique. Ainsi, il vient d&rsquo;ent\u00e9riner le texte adopt\u00e9 par le Conseil national de transition (CNT), l&rsquo;organe l\u00e9gislatif, il y a une semaine, sur l&rsquo;organisation des prochaines \u00e9lections. Elles sont cens\u00e9es permettre le retour des civils au pouvoir depuis le coup d&rsquo;Etat d&rsquo;ao\u00fbt 2020 contre le r\u00e9gime d&rsquo;Ibrahim Boubacar Ke\u00efta. C&rsquo;est une condition longtemps pos\u00e9e par la Cedeao pour lever les sanctions sur le pays.<\/p>\n<p>En promulguant la nouvelle loi \u00e9lectorale, le pr\u00e9sident de transition ent\u00e9rine donc les 92 amendements que le CNT avait impos\u00e9s aux 219 articles du texte, au grand dam du gouvernement, auteur du projet. La nouvelle loi \u00e9lectorale compte toutefois des dispositions controvers\u00e9es comme celles concernant l&rsquo;Autorit\u00e9 ind\u00e9pendante de gestion des \u00e9lections, dont trois des quinze membres seront d\u00e9sormais nomm\u00e9s par Assimi Go\u00efta lui-m\u00eame.\u00a0<\/p>\n<p>Assimi Go\u00efta, candidat \u00e0 la pr\u00e9sidentielle ?<\/p>\n<p>Il en est de m\u00eame pour l&rsquo;amendement attribuant au minist\u00e8re de l&rsquo;Administration territoriale la pr\u00e9paration technique des scrutins. Selon la soci\u00e9t\u00e9 civile aussi, cette nouvelle loi va permettre aux militaires membres des actuelles autorit\u00e9s de transition, notamment le colonel Assimi Go\u00efta, de se pr\u00e9senter \u00e0 la prochaine \u00e9lection pr\u00e9sidentielle. Ils pourront le faire \u00e0 condition de d\u00e9missionner quatre mois auparavant.<\/p>\n<p>En revanche, les autorit\u00e9s maliennes veulent montrer par cette loi \u00e9lectorale leur volont\u00e9 de rendre le pouvoir aux civils \u00e0 la fin de la transition et revenir \u00e0 l&rsquo;ordre constitutionnel. Elles avaient promis, qu&rsquo;une fois cette loi mise en place, de pr\u00e9senter rapidement \u00e0 la Cedeao un calendrier d\u00e9taill\u00e9 expliquant les \u00e9tapes \u00e0 traverser avant l&rsquo;organisation des \u00e9lections.<\/p>\n<p>En attendant de voir si les nouvelles dispositions pos\u00e9es par le pouvoir malien vont convaincre l&rsquo;organisation r\u00e9gionale lors de son sommet du 3 juillet prochain \u00e0 Accra, au Ghana, le m\u00e9diateur de la Cedeao pour le Mali a quitt\u00e9 hier Bamako apr\u00e8s \u00ab\u00a0une visite rapide, discr\u00e8te et d\u00e9cisive\u00a0\u00bb. L&rsquo;ancien pr\u00e9sident nig\u00e9rian, Goodluck Jonathan, a notamment rencontr\u00e9 le colonel Assimi Go\u00efta avec lequel il a eu \u00ab\u00a0des entretiens fonctionnels\u00a0\u00bb.<\/p>\n<p>\u00ab L&rsquo;\u00e9quipe a not\u00e9 les actions entreprises vers un calendrier de transition viable et la promesse des autorit\u00e9s maliennes de rester engag\u00e9es dans les efforts de restauration de l&rsquo;ordre constitutionnel dans le pays et la sous-r\u00e9gion \u00bb, a-t-il not\u00e9 dans les r\u00e9seaux sociaux. Goodluck Jonathan s&rsquo;est \u00e9galement dit \u00ab convaincu \u00bb que \u00ab tr\u00e8s bient\u00f4t, les populations maliennes se rendront compte du travail abattu par la Transition pour atteindre ce niveau de progr\u00e8s r\u00e9alis\u00e9 dans sa marche \u00bb, a ajout\u00e9 l&rsquo;Agence de presse malienne (Amap).<\/p>\n<p>\u00c9radiquer les coups d&rsquo;Etat<\/p>\n<p>De toute fa\u00e7on, sur le dossier malien, \u00e0 cause de la survenue de beaucoup d&rsquo;\u00e9l\u00e9ments nouveaux, les discussions risquent de tirer en longueur entre les dirigeants de la r\u00e9gion comme cela fut le cas lors du pr\u00e9c\u00e9dent sommet du 4 juin. Ils n&rsquo;\u00e9taient pas tous favorables, certains chefs d&rsquo;Etat de pays anglophones surtout, \u00e0 une lev\u00e9e des sanctions compte tenu des avanc\u00e9es politiques lentes au plan national.<\/p>\n<p>Pour \u00e9viter une telle situation et aller au consensus pr\u00f4n\u00e9 dans les d\u00e9cisions de la Cedeao, le pr\u00e9sident nig\u00e9rien Mohamed Bazoum a rendu hier une visite officielle \u00e0 son homologue ivoirien Alassane Ouattara pour \u00ab\u00a0harmoniser leurs points de vue\u00a0\u00bb sur les dossiers \u00ab\u00a0d\u00e9licats\u00a0\u00bb du Mali, du Burkina Faso et de la Guin\u00e9e, trois pays de la r\u00e9gion dirig\u00e9es par des juntes militaires. \u00ab Ce sont des pays avec lesquels nous voulons entretenir et d\u00e9velopper des relations de confort, de confiance, mais souhaiter surtout que le processus d\u00e9mocratique avance et que les peuples de ces pays ne continu\u00e8rent pas de souffrir de l&rsquo;environnement actuel \u00bb, a dit M. Ouattara.<\/p>\n<p>Il est clair ainsi que la majorit\u00e9 des dirigeants de l&rsquo;organisation privil\u00e9gient une sortie de crise. Pour eux, cela doit se faire sans que la Cedeao ne perde la face devant des militaires qui ont pris l&rsquo;habitude de s&#8217;emparer facilement du pouvoir. Ils veulent poser un exemple fort \u00e0 m\u00eame de dissuader d&rsquo;autres soldats qui seraient tent\u00e9s par des id\u00e9es de coups d&rsquo;Etat dans la r\u00e9gion ouest-africaine o\u00f9 les menaces s\u00e9curitaires fragilisent souvent des r\u00e9gimes d\u00e9mocratiquement \u00e9lus.<\/p>\n<p>Cet article <a rel=\"nofollow\" href=\"https:\/\/www.journalducameroun.com\/promulgation-de-la-charte-revisee-vers-une-levee-de-lembargo-contre-le-mali\/\">Promulgation de la charte r\u00e9vis\u00e9e: vers une lev\u00e9e de l\u2019embargo contre le Mali<\/a> est apparu en premier sur <a rel=\"nofollow\" href=\"https:\/\/www.journalducameroun.com\/\">Journal du Cameroun<\/a>.<\/p>\n<\/div>\n<p>Auteur: APA News<br \/>\n<a href=\"https:\/\/www.journalducameroun.com\/promulgation-de-la-charte-revisee-vers-une-levee-de-lembargo-contre-le-mali\/\">Cliquez ici pour lire l&rsquo;article depuis sa source.<\/a><\/p>\n","protected":false},"excerpt":{"rendered":"<p>Le pr\u00e9sident de la transition malienne a promulgu\u00e9 vendredi 24 juin la nouvelle loi \u00e9lectorale, un document controvers\u00e9 mais crucial pour la suite de la transition et une \u00e9ventuelle lev\u00e9e de l&#8217;embargo de la Cedeao contre le pays.Les Maliens croisent les doigts. A une semaine de la tenue du sommet d\u00e9cisif des chefs d&rsquo;Etat de [&hellip;]<\/p>\n","protected":false},"author":1965,"featured_media":0,"comment_status":"closed","ping_status":"closed","sticky":false,"template":"","format":"standard","meta":{"fifu_image_url":"https:\/\/www.journalducameroun.com\/wp-content\/uploads\/2022\/06\/16561774859745.jpg","fifu_image_alt":"Promulgation de la charte r\u00e9vis\u00e9e: vers une lev\u00e9e de l\u2019embargo contre le Mali","footnotes":""},"categories":[73,82],"tags":[],"class_list":["post-151028","post","type-post","status-publish","format-standard","hentry","category-actualite","category-cameroun"],"_links":{"self":[{"href":"https:\/\/linitiative.ca\/International\/wp-json\/wp\/v2\/posts\/151028","targetHints":{"allow":["GET"]}}],"collection":[{"href":"https:\/\/linitiative.ca\/International\/wp-json\/wp\/v2\/posts"}],"about":[{"href":"https:\/\/linitiative.ca\/International\/wp-json\/wp\/v2\/types\/post"}],"author":[{"embeddable":true,"href":"https:\/\/linitiative.ca\/International\/wp-json\/wp\/v2\/users\/1965"}],"replies":[{"embeddable":true,"href":"https:\/\/linitiative.ca\/International\/wp-json\/wp\/v2\/comments?post=151028"}],"version-history":[{"count":0,"href":"https:\/\/linitiative.ca\/International\/wp-json\/wp\/v2\/posts\/151028\/revisions"}],"wp:attachment":[{"href":"https:\/\/linitiative.ca\/International\/wp-json\/wp\/v2\/media?parent=151028"}],"wp:term":[{"taxonomy":"category","embeddable":true,"href":"https:\/\/linitiative.ca\/International\/wp-json\/wp\/v2\/categories?post=151028"},{"taxonomy":"post_tag","embeddable":true,"href":"https:\/\/linitiative.ca\/International\/wp-json\/wp\/v2\/tags?post=151028"}],"curies":[{"name":"wp","href":"https:\/\/api.w.org\/{rel}","templated":true}]}}