{"id":151030,"date":"2022-06-25T05:21:09","date_gmt":"2022-06-25T09:21:09","guid":{"rendered":"https:\/\/linitiative.ca\/International\/sodecoton-la-production-cotonniere-atteint-les-370-000-tonnes-en-hausse-de-36\/"},"modified":"2022-06-25T05:21:09","modified_gmt":"2022-06-25T09:21:09","slug":"sodecoton-la-production-cotonniere-atteint-les-370-000-tonnes-en-hausse-de-36","status":"publish","type":"post","link":"https:\/\/linitiative.ca\/International\/sodecoton-la-production-cotonniere-atteint-les-370-000-tonnes-en-hausse-de-36\/","title":{"rendered":"Sodecoton: la production cotonni\u00e8re atteint les 370\u00a0000 tonnes, en hausse de 3,6%"},"content":{"rendered":"<div>\n<p>La Soci\u00e9t\u00e9 de d\u00e9veloppement du coton (Sodecoton) a boucl\u00e9 en mai dernier sa campagne commerciale pour le compte de la saison cotonni\u00e8re 2021-2022, et devrait rendre officiels dans les prochaines jours les r\u00e9sultats li\u00e9s \u00e0 ses activit\u00e9s au cours de la saison. Sous r\u00e9serve de la validation de ces r\u00e9sultats par le conseil d\u2019administration de l\u2019entreprise pr\u00e9vu tr\u00e8s prochainement, \u00e0 priori avant la deadline du 30 juin 2022 selon les directives gouvernementales, la production cotonni\u00e8re pour le compte de la campagne \u00e9coul\u00e9e a atteint les 370\u00a0000 tonnes, a appris EcoMatin d\u2019une source bien renseign\u00e9e au sein de la direction de la production agricole de la Sodecoton. Si \u00e7a se trouve, il s\u2019agirait alors d\u2019une nouvelle production record pour ce mastodonte de l\u2019agro-industrie dans le septentrion, avec une hausse de 13\u00a0000 tonnes, soit 3,6% en valeur relative en glissement annuel par rapport \u00e0 la campagne 2020-2021, au cours de laquelle la production s\u2019\u00e9tait \u00e9tablie \u00e0 357\u00a0000 tonnes. Il va sans dire pour le compte de cette campagne qui s\u2019ach\u00e8ve, l\u2019entreprise a atteint ses objectifs de production \u00e0 92,5% car, elle pr\u00e9voyait de produire 400\u00a0000 tonnes.<\/p>\n<p><strong>Lire aussi : <a href=\"https:\/\/ecomatin.net\/comment-le-retard-des-pluies-perturbe-le-cycle-de-production-de-la-sodecoton\/\" target=\"_blank\" rel=\"noreferrer noopener\">Comment le retard des pluies perturbe le cycle de production de la Sodecoton<\/a><\/strong><\/p>\n<p>Il en est de m\u00eame pour le rendement de coton graine \u00e0 l\u2019hectare, en nette croissance au cours des dix derni\u00e8res ann\u00e9es. Il est pass\u00e9 de 880kg\/ha au cours de la campagne 2009-2010, \u00e0 1046kg\/ha en 2014-2015, pour se situer \u00e0 1600kg\/ha pour le compte de la campagne 2021-2022. Ces belles performances de la Sodecoton pourraient s\u2019expliquer par plusieurs facteurs, notamment l\u2019encadrement des producteurs par des ing\u00e9nieurs agronomes aux bonnes pratiques agricoles\u00a0; les conditions climatiques qui sont tributaires de la zone \u00e9cologique dans laquelle se pratique la culture du coton, au Nord, \u00e0 l\u2019Extr\u00eame-Nord ou dans l\u2019Adamaoua\u00a0; il y a \u00e9galement la mise \u00e0 disposition des semences am\u00e9lior\u00e9es aux producteurs par la Sodecoton, r\u00e9sultant d\u2019une convention entre l\u2019entreprise et Institut de Recherche Agricole pour le D\u00e9veloppement (Irad) et le Centre de coop\u00e9ration internationale en recherche agronomique pour le d\u00e9veloppement (Cirad).<\/p>\n<p><strong>Lire aussi : <a href=\"https:\/\/ecomatin.net\/filiere-coton-la-crise-des-intrants-cree-des-bisbilles-s-entre-la-sodecoton-et-les-producteurs\/\" target=\"_blank\" rel=\"noreferrer noopener\">Fili\u00e8re coton\u00a0:\u00a0la crise des intrants cr\u00e9e des bisbilles entre la Sodecoton et les producteurs<\/a><\/strong><\/p>\n<p>Au cours des cinq derni\u00e8res campagnes, les performances de l\u2019entreprise sont assez reluisantes sur le segment de la production et en nette progression.\u00a0Ceci pourrait \u00e9galement \u00eatre la r\u00e9sultante du plan de redressement adopt\u00e9 en 2017 alors que la Sodecoton piquait du nez. Ledit plan dont le budget est \u00e9valu\u00e9 63,2 milliards a permis \u00e0 l\u2019entreprise de redorer son blason, et sa production de coton va grandissant au fil des ann\u00e9es. Alors que la r\u00e9colte de coton atteignait \u00e0 peine 250.000 tonnes lors des ann\u00e9es d\u2019avant, avec le plan de redressement, elle a travers\u00e9 le cap de 300.000 tonnes par an avec une production record de 370 000 tonnes en 2022. L\u2019agro-industriel envisage d\u2019ailleurs de produire d\u2019atteindre les 600.000 tonnes\u00a0 \u00e0 l\u2019horizon 2025.<\/p>\n<p><strong>Lire aussi : <a href=\"https:\/\/ecomatin.net\/recrutement-a-sodecoton-le-directeur-general-mohamadou-bayero-repond-a-la-presidence-de-la-republique\/\" target=\"_blank\" rel=\"noreferrer noopener\">Recrutement \u00e0 Sodecoton : le Directeur g\u00e9n\u00e9ral Mohamadou Bayero, r\u00e9pond \u00e0 la pr\u00e9sidence de la R\u00e9publique<\/a><\/strong><\/p>\n<p>L\u2019article <a rel=\"nofollow\" href=\"https:\/\/ecomatin.net\/sodecoton-la-production-cotonniere-atteint-les-370-000-tonnes-en-hausse-de-36\/\">Sodecoton: la production cotonni\u00e8re atteint les 370\u00a0000 tonnes, en hausse de 3,6%<\/a> est apparu en premier sur <a rel=\"nofollow\" href=\"https:\/\/ecomatin.net\/\">EcoMatin<\/a>.<\/p>\n<\/div>\n<p>Auteur: Yannick KENNE<br \/>\n<a href=\"https:\/\/ecomatin.net\/sodecoton-la-production-cotonniere-atteint-les-370-000-tonnes-en-hausse-de-36\/\">Cliquez ici pour lire l&rsquo;article depuis sa source.<\/a><\/p>\n","protected":false},"excerpt":{"rendered":"<p>La Soci\u00e9t\u00e9 de d\u00e9veloppement du coton (Sodecoton) a boucl\u00e9 en mai dernier sa campagne commerciale pour le compte de la saison cotonni\u00e8re 2021-2022, et devrait rendre officiels dans les prochaines jours les r\u00e9sultats li\u00e9s \u00e0 ses activit\u00e9s au cours de la saison. Sous r\u00e9serve de la validation de ces r\u00e9sultats par le conseil d\u2019administration de [&hellip;]<\/p>\n","protected":false},"author":1969,"featured_media":0,"comment_status":"closed","ping_status":"closed","sticky":false,"template":"","format":"standard","meta":{"fifu_image_url":"","fifu_image_alt":"","footnotes":""},"categories":[82,78],"tags":[],"class_list":["post-151030","post","type-post","status-publish","format-standard","hentry","category-cameroun","category-economie"],"_links":{"self":[{"href":"https:\/\/linitiative.ca\/International\/wp-json\/wp\/v2\/posts\/151030","targetHints":{"allow":["GET"]}}],"collection":[{"href":"https:\/\/linitiative.ca\/International\/wp-json\/wp\/v2\/posts"}],"about":[{"href":"https:\/\/linitiative.ca\/International\/wp-json\/wp\/v2\/types\/post"}],"author":[{"embeddable":true,"href":"https:\/\/linitiative.ca\/International\/wp-json\/wp\/v2\/users\/1969"}],"replies":[{"embeddable":true,"href":"https:\/\/linitiative.ca\/International\/wp-json\/wp\/v2\/comments?post=151030"}],"version-history":[{"count":0,"href":"https:\/\/linitiative.ca\/International\/wp-json\/wp\/v2\/posts\/151030\/revisions"}],"wp:attachment":[{"href":"https:\/\/linitiative.ca\/International\/wp-json\/wp\/v2\/media?parent=151030"}],"wp:term":[{"taxonomy":"category","embeddable":true,"href":"https:\/\/linitiative.ca\/International\/wp-json\/wp\/v2\/categories?post=151030"},{"taxonomy":"post_tag","embeddable":true,"href":"https:\/\/linitiative.ca\/International\/wp-json\/wp\/v2\/tags?post=151030"}],"curies":[{"name":"wp","href":"https:\/\/api.w.org\/{rel}","templated":true}]}}