{"id":151032,"date":"2022-06-25T05:42:04","date_gmt":"2022-06-25T09:42:04","guid":{"rendered":"https:\/\/linitiative.ca\/International\/le-programme-gouvernemental-afop-revendique-20-000-emplois-et-12-milliards-de-richesses-crees-en-plus-de-10-ans\/"},"modified":"2022-06-25T05:42:04","modified_gmt":"2022-06-25T09:42:04","slug":"le-programme-gouvernemental-afop-revendique-20-000-emplois-et-12-milliards-de-richesses-crees-en-plus-de-10-ans","status":"publish","type":"post","link":"https:\/\/linitiative.ca\/International\/le-programme-gouvernemental-afop-revendique-20-000-emplois-et-12-milliards-de-richesses-crees-en-plus-de-10-ans\/","title":{"rendered":"Le programme gouvernemental Afop revendique 20\u00a0000 emplois et 12 milliards de richesses cr\u00e9es en \u00a0plus de 10 ans"},"content":{"rendered":"<div>\n<p>Le programme d\u2019appui \u00e0 la r\u00e9novation et au d\u00e9veloppement de la formation professionnelle (Afop) a indiqu\u00e9 le 23 juin \u00e0 Yaound\u00e9, avoir re\u00e7u depuis sa cr\u00e9ation, un financement de 58 milliards de FCFA de l\u2019Agence fran\u00e7aise de d\u00e9veloppement (AFD), dans le cadre du contrat de d\u00e9sendettement et de d\u00e9veloppement. Ce financement r\u00e9parti en trois phases \u00e0 savoir celle de la r\u00e9novation, la consolidation et la p\u00e9rennisation, lui a permis de cr\u00e9er plus de 20.000 emplois au Cameroun dans les secteurs de l\u2019agriculture, de l\u2019\u00e9levage et de la p\u00eache. La r\u00e9v\u00e9lation a \u00e9t\u00e9 faite au cours de la septi\u00e8me \u00e9dition des petits d\u00e9jeuners du contrat de d\u00e9sendettement et de d\u00e9veloppement, c\u00e9l\u00e9br\u00e9e cette ann\u00e9e sous le th\u00e8me \u00ab\u00a0le CD2-Afop et employabilit\u00e9 des jeunes dans le domaine de l\u2019agriculture, de l\u2019\u00e9levage et de la p\u00eache\u00a0\u00bb.<\/p>\n<p><strong>Lire aussi : \u00a0<a href=\"https:\/\/ecomatin.net\/agriculture-et-peche-louis-paul-motaze-ordonne-laudit-du-programme-afop-pcp\/\" target=\"_blank\" rel=\"noreferrer noopener\">Agriculture et p\u00eache : Louis Paul Motaze ordonne l\u2019audit du programme Afop-Pcp<\/a><\/strong><\/p>\n<p>Selon Pierre Blaise Ango, le coordonnateur national du programme, les emplois ainsi cr\u00e9\u00e9s sont r\u00e9partis en deux principales cat\u00e9gories. La premi\u00e8re concerne celle des jeunes qui, apr\u00e8s leur formation, ont \u00e9t\u00e9 recrut\u00e9s dans des structures de l\u2019Etat (communes, ONG, coop\u00e9ratives et promoteurs de centres). La deuxi\u00e8me cat\u00e9gorie quant \u00e0 elle, fait r\u00e9f\u00e9rence aux jeunes qui, apr\u00e8s leur formation sont devenus des chefs d\u2019entreprises \u00e0 travers la cr\u00e9ation et l\u2019extension d\u2019unit\u00e9s de production. En 13 ans, le programme AFOP estime qu\u2019il a contribu\u00e9 \u00e0 la cr\u00e9ation de 12 milliards de Fcfa de richesses gr\u00e2ce aux formations distill\u00e9es dans le cadre du projet. \u00ab La formation et l\u2019insertion d\u2019un jeune vaut pr\u00e8s de 2,1 millions de Fcfa, la dur\u00e9e du retour sur investissements est d\u2019un an et demi. Il faut dire que les jeunes form\u00e9s et ins\u00e9r\u00e9s se mettent en r\u00e9seaux dans les 114 bassins de production\u00bb, a pr\u00e9cis\u00e9 Pierre Blaise Ango.<\/p>\n<p><strong>Lire aussi : <a href=\"https:\/\/ecomatin.net\/401-milliards-fcfa-enregistres-pour-le-financement-du-3eme-c2d\/\" target=\"_blank\" rel=\"noreferrer noopener\">401 milliards FCFA enregistr\u00e9s pour le financement du 3eme C2D<\/a><\/strong><\/p>\n<p>Concr\u00e8tement, 2\u00a0677 jeunes ont \u00e9t\u00e9 form\u00e9s en 2012, plus de 8500 en 2017 et 22000 en 2022. Lesdites formations sont donn\u00e9es dans pr\u00e8s de 15 fili\u00e8res strat\u00e9giques, dans les domaines de l\u2019agriculture, l\u2019\u00e9levage et la p\u00eache. Le programme gouvernemental contribue ainsi depuis sa cr\u00e9ation il y a 13 ans, \u00e0 la r\u00e9duction du taux de ch\u00f4mage et au renforcement des capacit\u00e9s des jeunes camerounais. Il est guid\u00e9 par trois principes, \u00e0 savoir la th\u00e9orie du capital humain comme entr\u00e9e conceptuelle, l\u2019appui \u00e0 des structures de formation existantes et le diptyque formation, insertion professionnelle.<\/p>\n<p><strong>L\u00e9onel BALLA<\/strong><\/p>\n<p>L\u2019article <a rel=\"nofollow\" href=\"https:\/\/ecomatin.net\/le-programme-gouvernemental-afop-revendique-20-000-emplois-et-12-milliards-de-richesses-crees-en-plus-de-10-ans\/\">Le programme gouvernemental Afop revendique 20\u00a0000 emplois et 12 milliards de richesses cr\u00e9es en \u00a0plus de 10 ans<\/a> est apparu en premier sur <a rel=\"nofollow\" href=\"https:\/\/ecomatin.net\/\">EcoMatin<\/a>.<\/p>\n<\/div>\n<p>Auteur: EcoMatin<br \/>\n<a href=\"https:\/\/ecomatin.net\/le-programme-gouvernemental-afop-revendique-20-000-emplois-et-12-milliards-de-richesses-crees-en-plus-de-10-ans\/\">Cliquez ici pour lire l&rsquo;article depuis sa source.<\/a><\/p>\n","protected":false},"excerpt":{"rendered":"<p>Le programme d\u2019appui \u00e0 la r\u00e9novation et au d\u00e9veloppement de la formation professionnelle (Afop) a indiqu\u00e9 le 23 juin \u00e0 Yaound\u00e9, avoir re\u00e7u depuis sa cr\u00e9ation, un financement de 58 milliards de FCFA de l\u2019Agence fran\u00e7aise de d\u00e9veloppement (AFD), dans le cadre du contrat de d\u00e9sendettement et de d\u00e9veloppement. Ce financement r\u00e9parti en trois phases [&hellip;]<\/p>\n","protected":false},"author":1969,"featured_media":0,"comment_status":"closed","ping_status":"closed","sticky":false,"template":"","format":"standard","meta":{"fifu_image_url":"","fifu_image_alt":"","footnotes":""},"categories":[82,78],"tags":[],"class_list":["post-151032","post","type-post","status-publish","format-standard","hentry","category-cameroun","category-economie"],"_links":{"self":[{"href":"https:\/\/linitiative.ca\/International\/wp-json\/wp\/v2\/posts\/151032","targetHints":{"allow":["GET"]}}],"collection":[{"href":"https:\/\/linitiative.ca\/International\/wp-json\/wp\/v2\/posts"}],"about":[{"href":"https:\/\/linitiative.ca\/International\/wp-json\/wp\/v2\/types\/post"}],"author":[{"embeddable":true,"href":"https:\/\/linitiative.ca\/International\/wp-json\/wp\/v2\/users\/1969"}],"replies":[{"embeddable":true,"href":"https:\/\/linitiative.ca\/International\/wp-json\/wp\/v2\/comments?post=151032"}],"version-history":[{"count":0,"href":"https:\/\/linitiative.ca\/International\/wp-json\/wp\/v2\/posts\/151032\/revisions"}],"wp:attachment":[{"href":"https:\/\/linitiative.ca\/International\/wp-json\/wp\/v2\/media?parent=151032"}],"wp:term":[{"taxonomy":"category","embeddable":true,"href":"https:\/\/linitiative.ca\/International\/wp-json\/wp\/v2\/categories?post=151032"},{"taxonomy":"post_tag","embeddable":true,"href":"https:\/\/linitiative.ca\/International\/wp-json\/wp\/v2\/tags?post=151032"}],"curies":[{"name":"wp","href":"https:\/\/api.w.org\/{rel}","templated":true}]}}