{"id":151054,"date":"2022-06-26T13:11:40","date_gmt":"2022-06-26T17:11:40","guid":{"rendered":"https:\/\/linitiative.ca\/International\/partenariats-pour-le-lancement-dune-ecole-de-codage-et-dun-incubateur-de-startups\/"},"modified":"2022-06-26T13:11:40","modified_gmt":"2022-06-26T17:11:40","slug":"partenariats-pour-le-lancement-dune-ecole-de-codage-et-dun-incubateur-de-startups","status":"publish","type":"post","link":"https:\/\/linitiative.ca\/International\/partenariats-pour-le-lancement-dune-ecole-de-codage-et-dun-incubateur-de-startups\/","title":{"rendered":"Partenariats pour le lancement d\u2019une \u00e9cole de codage et d\u2019un incubateur de startups"},"content":{"rendered":"<div>\n<div style=\"margin-bottom:20px;\"><img loading=\"lazy\" decoding=\"async\" width=\"750\" height=\"430\" src=\"https:\/\/linitiative.ca\/International\/wp-content\/uploads\/sites\/23\/2022\/06\/La-ministre-dC3A9lC3A9guC3A9e-chargC3A9e-de-la-Transition-numC3A9rique-et-de-la-rC3A9forme-de-ladministration-Ghita-Mezzour-750C397430-MAP.jpg\" class=\"attachment-post-thumbnail size-post-thumbnail wp-post-image\" alt=\"\" srcset=\"https:\/\/linitiative.ca\/International\/wp-content\/uploads\/sites\/23\/2022\/06\/La-ministre-dC3A9lC3A9guC3A9e-chargC3A9e-de-la-Transition-numC3A9rique-et-de-la-rC3A9forme-de-ladministration-Ghita-Mezzour-750C397430-MAP.jpg 750w, https:\/\/www.mapoujda.ma\/map\/uploads\/2022\/06\/La-ministre-d\u00e9l\u00e9gu\u00e9e-charg\u00e9e-de-la-Transition-num\u00e9rique-et-de-la-r\u00e9forme-de-ladministration-Ghita-Mezzour-750\u00d7430-MAP-300x172.jpg 300w\" sizes=\"auto, (max-width: 750px) 100vw, 750px\"><\/div>\n<div>\n<p style=\"text-align: justify;\">La ministre de la Transition num\u00e9rique et de la r\u00e9forme de l\u2019administration, Ghita Mezzour, a particip\u00e9, samedi \u00e0 Oujda et Berkane, aux c\u00e9r\u00e9monies de signature de deux conventions pour la cr\u00e9ation d\u2019une \u00e9cole de programmation et de codage et d\u2019un centre d\u2019incubation de start-ups au niveau de la r\u00e9gion de l\u2019Oriental.<\/p>\n<p style=\"text-align: justify;\">Selon un communiqu\u00e9 du minist\u00e8re, la premi\u00e8re convention de partenariat, sign\u00e9e \u00e0 Oujda, porte sur la mise en place d\u2019une \u00e9cole sp\u00e9ciale de programmation et de codage \u00abYouCode\u00bb dans la R\u00e9gion de l\u2019Oriental, pour un budget global de 25 millions de dirhams (MDH).<\/p>\n<p style=\"text-align: justify;\">Ce projet est le fruit d\u2019un partenariat entre le minist\u00e8re de la Transition num\u00e9rique et de la r\u00e9forme de l\u2019administration, le minist\u00e8re de la Jeunesse, de la culture et de la communication, la Wilaya de la R\u00e9gion de l\u2019Oriental, le Conseil de la R\u00e9gion de l\u2019Oriental, l\u2019Agence de l\u2019Oriental et l\u2019association LEET Initiative.<\/p>\n<p style=\"text-align: justify;\">La future \u00e9cole a pour objectif de former des jeunes \u00e0 fort potentiel, y compris les jeunes en situation de NEET (Not in Employment, Education or Training), qui ne sont pas en emploi, et ne suivent ni \u00e9tudes ni formation, dans l\u2019objectif de les pr\u00e9parer \u00e0 int\u00e9grer les m\u00e9tiers du num\u00e9rique.<\/p>\n<p style=\"text-align: justify;\">Les formations propos\u00e9es par \u00abYouCode\u00bb sont gratuites et ne n\u00e9cessitent aucun pr\u00e9-requis technique ou de dipl\u00f4me. Elles permettent aux laur\u00e9ats une int\u00e9gration quasi-garantie dans le march\u00e9 du travail avec des r\u00e9mun\u00e9rations comp\u00e9titives, gr\u00e2ce \u00e0 des cursus professionnalisant qui r\u00e9pondent aux besoins des op\u00e9rateurs du num\u00e9rique.<\/p>\n<p style=\"text-align: justify;\">Il s\u2019agit ainsi, \u00e0 travers la mise en place de cette \u00e9cole innovante dans la r\u00e9gion, dont la p\u00e9dagogie est centr\u00e9e sur l\u2019apprenant et orient\u00e9e projet, d\u2019am\u00e9liorer l\u2019employabilit\u00e9 des jeunes de la r\u00e9gion dans le domaine des nouvelles technologies et de former un vivier de talents qui r\u00e9ponde aux besoins du march\u00e9 du num\u00e9rique niveaux local, r\u00e9gional, national et international dans l\u2019objectif de r\u00e9duire le taux de ch\u00f4mage des jeunes, notamment dans les zones les plus vuln\u00e9rables.<\/p>\n<p style=\"text-align: justify;\">A Berkane, Mme Mezzour a particip\u00e9 \u00e0 la c\u00e9r\u00e9monie de signature d\u2019une convention de partenariat pour la cr\u00e9ation d\u2019un centre d\u2019incubation de start-ups dans la ville de Berkane, d\u2019un budget global de 18,8 MDH, indique le communiqu\u00e9.<\/p>\n<p style=\"text-align: justify;\">Ce projet est le fruit d\u2019un partenariat entre le minist\u00e8re de la Transition num\u00e9rique et de la r\u00e9forme de l\u2019administration, le minist\u00e8re de l\u2019Industrie et du commerce, le Conseil provincial de Berkane, le Comit\u00e9 provincial de d\u00e9veloppement humain de Berkane et l\u2019Association \u00abIqla pour la promotion de l\u2019innovation dans l\u2019entrepreneuriat\u00bb.<\/p>\n<p style=\"text-align: justify;\">Le futur incubateur, dont la mise en place entre dans le cadre du Programme d\u2019am\u00e9lioration du revenu et d\u2019inclusion \u00e9conomique des jeunes, faisant partie de la phase III de l\u2019Initiative nationale pour le d\u00e9veloppement humain (INDH), vise \u00e0 soutenir les startups et les jeunes porteurs de projets de la r\u00e9gion, \u00e0 travers un accompagnement lors des phases de d\u00e9marrage et de croissance.<\/p>\n<p style=\"text-align: justify;\">Il s\u2019agira notamment, au sein de cet incubateur de startup, de r\u00e9pondre aux besoins des jeunes entrepreneurs en termes d\u2019\u00e9quipements techniques et industriels, de logiciels et de services techniques, de mettre \u00e0 leur disposition des bureaux privatifs \u00e9quip\u00e9s et des espaces de co-working et de les accompagner dans la gestion de leur projet et des formalit\u00e9s juridiques.<\/p>\n<p style=\"text-align: justify;\">Pour aider au d\u00e9veloppement des entreprises \u00e9mergentes, des services de formations en d\u00e9veloppement des comp\u00e9tences et en innovation en entrepreneuriat seront offerts et des s\u00e9minaires et des forums seront organis\u00e9s pour am\u00e9liorer la visibilit\u00e9 des startups de la r\u00e9gion, et \u00e9changer les exp\u00e9riences dans le but de promouvoir l\u2019acc\u00e8s aux sources de financement et d\u2019attirer les investisseurs.<\/p>\n<p style=\"text-align: justify;\">Le lancement de ces deux projets innovants dans la r\u00e9gion de l\u2019Oriental, qui visent \u00e0 promouvoir l\u2019employabilit\u00e9 des jeunes dans le domaine du num\u00e9rique, et \u00e0 dynamiser la transition num\u00e9rique des r\u00e9gions du Royaume, vient d\u00e9montrer l\u2019engagement du minist\u00e8re de la Transition num\u00e9rique et de la r\u00e9forme de l\u2019administration \u00e0 soutenir les jeunes talents actifs dans le domaine du digital, \u00e0 appuyer le d\u00e9veloppement des comp\u00e9tences du num\u00e9rique et des startups marocaines et \u00e0 ouvrir de nouveaux horizons dans le domaine de la formation et de l\u2019\u00e9conomie num\u00e9rique, souligne la m\u00eame source.<\/p>\n<p style=\"text-align: justify;\">Dans ses allocutions en marge de la signature des deux accords, la ministre a affirm\u00e9 que les deux projets s\u2019inscrivent dans le cadre de la volont\u00e9 royale de faire de la r\u00e9gion de l\u2019Oriental un p\u00f4le \u00e9conomique de premier plan dans le Royaume, dans le but d\u2019am\u00e9liorer le quotidien des citoyens marocains et promouvoir le capital humain.<\/p>\n<\/div>\n<p>L\u2019article <a rel=\"nofollow\" href=\"https:\/\/www.mapoujda.ma\/fr\/partenariats-pour-le-lancement-dune-ecole-de-codage-et-dun-incubateur-de-startups\/\">Partenariats pour le lancement d\u2019une \u00e9cole de codage et d\u2019un incubateur de startups<\/a> est apparu en premier sur <a rel=\"nofollow\" href=\"https:\/\/www.mapoujda.ma\/fr\">MapOujda<\/a>.<\/p>\n<\/div>\n<p>Auteur: Soufiane ELAHMAR<br \/>\n<a href=\"https:\/\/www.mapoujda.ma\/fr\/partenariats-pour-le-lancement-dune-ecole-de-codage-et-dun-incubateur-de-startups\/\">Cliquez ici pour lire l&rsquo;article depuis sa source.<\/a><\/p>\n","protected":false},"excerpt":{"rendered":"<p>La ministre de la Transition num\u00e9rique et de la r\u00e9forme de l\u2019administration, Ghita Mezzour, a particip\u00e9, samedi \u00e0 Oujda et Berkane, aux c\u00e9r\u00e9monies de signature de deux conventions pour la cr\u00e9ation d\u2019une \u00e9cole de programmation et de codage et d\u2019un centre d\u2019incubation de start-ups au niveau de la r\u00e9gion de l\u2019Oriental. Selon un communiqu\u00e9 du [&hellip;]<\/p>\n","protected":false},"author":1788,"featured_media":0,"comment_status":"closed","ping_status":"closed","sticky":false,"template":"","format":"standard","meta":{"fifu_image_url":"https:\/\/www.mapoujda.ma\/map\/uploads\/2022\/06\/La-ministre-d\u00e9l\u00e9gu\u00e9e-charg\u00e9e-de-la-Transition-num\u00e9rique-et-de-la-r\u00e9forme-de-ladministration-Ghita-Mezzour-750\u00d7430-MAP.jpg","fifu_image_alt":"Partenariats pour le lancement d\u2019une \u00e9cole de codage et d\u2019un incubateur de startups","footnotes":""},"categories":[54,76],"tags":[],"class_list":["post-151054","post","type-post","status-publish","format-standard","hentry","category-maroc","category-regions"],"_links":{"self":[{"href":"https:\/\/linitiative.ca\/International\/wp-json\/wp\/v2\/posts\/151054","targetHints":{"allow":["GET"]}}],"collection":[{"href":"https:\/\/linitiative.ca\/International\/wp-json\/wp\/v2\/posts"}],"about":[{"href":"https:\/\/linitiative.ca\/International\/wp-json\/wp\/v2\/types\/post"}],"author":[{"embeddable":true,"href":"https:\/\/linitiative.ca\/International\/wp-json\/wp\/v2\/users\/1788"}],"replies":[{"embeddable":true,"href":"https:\/\/linitiative.ca\/International\/wp-json\/wp\/v2\/comments?post=151054"}],"version-history":[{"count":0,"href":"https:\/\/linitiative.ca\/International\/wp-json\/wp\/v2\/posts\/151054\/revisions"}],"wp:attachment":[{"href":"https:\/\/linitiative.ca\/International\/wp-json\/wp\/v2\/media?parent=151054"}],"wp:term":[{"taxonomy":"category","embeddable":true,"href":"https:\/\/linitiative.ca\/International\/wp-json\/wp\/v2\/categories?post=151054"},{"taxonomy":"post_tag","embeddable":true,"href":"https:\/\/linitiative.ca\/International\/wp-json\/wp\/v2\/tags?post=151054"}],"curies":[{"name":"wp","href":"https:\/\/api.w.org\/{rel}","templated":true}]}}