{"id":151056,"date":"2022-06-26T07:33:09","date_gmt":"2022-06-26T11:33:09","guid":{"rendered":"https:\/\/linitiative.ca\/International\/lenseigne-de-bijouterie-calirra-ouvre-son-troisieme-showroom-a-marrakech\/"},"modified":"2022-06-26T07:33:09","modified_gmt":"2022-06-26T11:33:09","slug":"lenseigne-de-bijouterie-calirra-ouvre-son-troisieme-showroom-a-marrakech","status":"publish","type":"post","link":"https:\/\/linitiative.ca\/International\/lenseigne-de-bijouterie-calirra-ouvre-son-troisieme-showroom-a-marrakech\/","title":{"rendered":"L\u2019enseigne de bijouterie, Calirra, ouvre son troisi\u00e8me showroom \u00e0 Marrakech"},"content":{"rendered":"<div>\n<div class=\"field field-name-body field-type-text-with-summary field-label-hidden\">\n<div class=\"field-items\">\n<div class=\"field-item even\" property=\"content:encoded\">\n<p class=\"rtejustify\">Depuis sa pr\u00e9sence au Maroc, il y a pr\u00e8s de 5 ans, Calirra, l\u2019enseigne de bijouterie sp\u00e9cialis\u00e9e du diamant certifi\u00e9, ambitionne de renforcer son r\u00e9seau. Apr\u00e8s Rabat et Casablanca, l\u2019enseigne ouvre un nouveau showroom \u00e0 la ville ocre, pr\u00e9cis\u00e9ment \u00e0 M Avenue Marrakech. <em>\u00ab Plus qu\u2019une simple boutique, il s\u2019agit d\u2019un web room aux vitres teint\u00e9es rehauss\u00e9es de n\u00e9ons bleus qui prolonge admirablement l\u2019exp\u00e9rience digitale \u00bb<\/em>, est-il indiqu\u00e9.<\/p>\n<\/div>\n<\/div>\n<\/div>\n<\/div>\n<p>Auteur: hgueye<br \/>\n<a href=\"https:\/\/www.leconomiste.com\/flash-infos\/l-enseigne-de-bijouterie-calirra-ouvre-son-troisieme-showroom-marrakech\">Cliquez ici pour lire l&rsquo;article depuis sa source.<\/a><\/p>\n","protected":false},"excerpt":{"rendered":"<p>Depuis sa pr\u00e9sence au Maroc, il y a pr\u00e8s de 5 ans, Calirra, l\u2019enseigne de bijouterie sp\u00e9cialis\u00e9e du diamant certifi\u00e9, ambitionne de renforcer son r\u00e9seau. Apr\u00e8s Rabat et Casablanca, l\u2019enseigne ouvre un nouveau showroom \u00e0 la ville ocre, pr\u00e9cis\u00e9ment \u00e0 M Avenue Marrakech. \u00ab Plus qu\u2019une simple boutique, il s\u2019agit d\u2019un web room aux vitres [&hellip;]<\/p>\n","protected":false},"author":1763,"featured_media":0,"comment_status":"closed","ping_status":"closed","sticky":false,"template":"","format":"standard","meta":{"fifu_image_url":"","fifu_image_alt":"","footnotes":""},"categories":[78,54],"tags":[],"class_list":["post-151056","post","type-post","status-publish","format-standard","hentry","category-economie","category-maroc"],"_links":{"self":[{"href":"https:\/\/linitiative.ca\/International\/wp-json\/wp\/v2\/posts\/151056","targetHints":{"allow":["GET"]}}],"collection":[{"href":"https:\/\/linitiative.ca\/International\/wp-json\/wp\/v2\/posts"}],"about":[{"href":"https:\/\/linitiative.ca\/International\/wp-json\/wp\/v2\/types\/post"}],"author":[{"embeddable":true,"href":"https:\/\/linitiative.ca\/International\/wp-json\/wp\/v2\/users\/1763"}],"replies":[{"embeddable":true,"href":"https:\/\/linitiative.ca\/International\/wp-json\/wp\/v2\/comments?post=151056"}],"version-history":[{"count":0,"href":"https:\/\/linitiative.ca\/International\/wp-json\/wp\/v2\/posts\/151056\/revisions"}],"wp:attachment":[{"href":"https:\/\/linitiative.ca\/International\/wp-json\/wp\/v2\/media?parent=151056"}],"wp:term":[{"taxonomy":"category","embeddable":true,"href":"https:\/\/linitiative.ca\/International\/wp-json\/wp\/v2\/categories?post=151056"},{"taxonomy":"post_tag","embeddable":true,"href":"https:\/\/linitiative.ca\/International\/wp-json\/wp\/v2\/tags?post=151056"}],"curies":[{"name":"wp","href":"https:\/\/api.w.org\/{rel}","templated":true}]}}