{"id":151068,"date":"2022-06-26T08:20:00","date_gmt":"2022-06-26T12:20:00","guid":{"rendered":"https:\/\/linitiative.ca\/International\/maroc-le-groupe-francais-castel-met-ain-ifrane-en-vente-deux-acheteurs-potentiels-dans-le-coup\/"},"modified":"2022-06-26T08:20:00","modified_gmt":"2022-06-26T12:20:00","slug":"maroc-le-groupe-francais-castel-met-ain-ifrane-en-vente-deux-acheteurs-potentiels-dans-le-coup","status":"publish","type":"post","link":"https:\/\/linitiative.ca\/International\/maroc-le-groupe-francais-castel-met-ain-ifrane-en-vente-deux-acheteurs-potentiels-dans-le-coup\/","title":{"rendered":"Maroc. Le groupe fran\u00e7ais Castel met \u00ab\u00a0A\u00efn Ifrane\u00bb en vente, deux acheteurs potentiels dans le coup"},"content":{"rendered":"<div><img decoding=\"async\" width=\"619\" height=\"596\" src=\"https:\/\/linitiative.ca\/International\/wp-content\/uploads\/sites\/23\/2022\/06\/IFRANE-OK.png\" class=\"attachment-post-thumbnail size-post-thumbnail wp-post-image\" alt=\"\" loading=\"lazy\" srcset=\"https:\/\/linitiative.ca\/International\/wp-content\/uploads\/sites\/23\/2022\/06\/IFRANE-OK.png 619w, https:\/\/www.challenge.ma\/wp-content\/uploads\/2022\/06\/IFRANE-OK-300x289.png 300w, https:\/\/www.challenge.ma\/wp-content\/uploads\/2022\/06\/IFRANE-OK-360x347.png 360w\" sizes=\"auto, (max-width: 619px) 100vw, 619px\" itemprop=\"image\">Le mastodonte fran\u00e7ais Castel qui est revenu sur le march\u00e9 des eaux min\u00e9rales au Maroc en lan\u00e7ant\u00a0 depuis le\u00a0 1er juillet 2010\u00a0 l\u2019eau de source \u00ab\u00a0A\u00efn Ifrane\u00bb, est en train de se d\u00e9lester de cette activit\u00e9 dans le Royaume. Face \u00e0 un march\u00e9 devenu de plus en plus concurrentiel Castel<\/div>\n<p>Auteur: Adama Sylla<br \/>\n<a href=\"https:\/\/www.challenge.ma\/maroc-le-groupe-francais-castel-met-ain-ifrane-en-vente-deux-acheteurs-potentiels-dans-le-coup-241475\/\">Cliquez ici pour lire l&rsquo;article depuis sa source.<\/a><\/p>\n","protected":false},"excerpt":{"rendered":"<p>Le mastodonte fran\u00e7ais Castel qui est revenu sur le march\u00e9 des eaux min\u00e9rales au Maroc en lan\u00e7ant\u00a0 depuis le\u00a0 1er juillet 2010\u00a0 l\u2019eau de source \u00ab\u00a0A\u00efn Ifrane\u00bb, est en train de se d\u00e9lester de cette activit\u00e9 dans le Royaume. Face \u00e0 un march\u00e9 devenu de plus en plus concurrentiel Castel Auteur: Adama Sylla Cliquez ici [&hellip;]<\/p>\n","protected":false},"author":1787,"featured_media":0,"comment_status":"closed","ping_status":"closed","sticky":false,"template":"","format":"standard","meta":{"fifu_image_url":"https:\/\/www.challenge.ma\/wp-content\/uploads\/2022\/06\/IFRANE-OK.png","fifu_image_alt":"Maroc. Le groupe fran\u00e7ais Castel met \u00ab\u00a0A\u00efn Ifrane\u00bb en vente, deux acheteurs potentiels dans le coup","footnotes":""},"categories":[78,54],"tags":[],"class_list":["post-151068","post","type-post","status-publish","format-standard","hentry","category-economie","category-maroc"],"_links":{"self":[{"href":"https:\/\/linitiative.ca\/International\/wp-json\/wp\/v2\/posts\/151068","targetHints":{"allow":["GET"]}}],"collection":[{"href":"https:\/\/linitiative.ca\/International\/wp-json\/wp\/v2\/posts"}],"about":[{"href":"https:\/\/linitiative.ca\/International\/wp-json\/wp\/v2\/types\/post"}],"author":[{"embeddable":true,"href":"https:\/\/linitiative.ca\/International\/wp-json\/wp\/v2\/users\/1787"}],"replies":[{"embeddable":true,"href":"https:\/\/linitiative.ca\/International\/wp-json\/wp\/v2\/comments?post=151068"}],"version-history":[{"count":0,"href":"https:\/\/linitiative.ca\/International\/wp-json\/wp\/v2\/posts\/151068\/revisions"}],"wp:attachment":[{"href":"https:\/\/linitiative.ca\/International\/wp-json\/wp\/v2\/media?parent=151068"}],"wp:term":[{"taxonomy":"category","embeddable":true,"href":"https:\/\/linitiative.ca\/International\/wp-json\/wp\/v2\/categories?post=151068"},{"taxonomy":"post_tag","embeddable":true,"href":"https:\/\/linitiative.ca\/International\/wp-json\/wp\/v2\/tags?post=151068"}],"curies":[{"name":"wp","href":"https:\/\/api.w.org\/{rel}","templated":true}]}}