{"id":151095,"date":"2022-06-26T11:24:59","date_gmt":"2022-06-26T15:24:59","guid":{"rendered":"https:\/\/linitiative.ca\/International\/ecotourisme-sur-les-traces-du-complexe-economique-et-touristique-de-yoyo\/"},"modified":"2022-06-26T11:24:59","modified_gmt":"2022-06-26T15:24:59","slug":"ecotourisme-sur-les-traces-du-complexe-economique-et-touristique-de-yoyo","status":"publish","type":"post","link":"https:\/\/linitiative.ca\/International\/ecotourisme-sur-les-traces-du-complexe-economique-et-touristique-de-yoyo\/","title":{"rendered":"Ecotourisme\u00a0: sur les traces du Complexe \u00e9conomique et touristique de Y\u00f4y\u00f4"},"content":{"rendered":"<div>\n<p>C\u2019est en 2009 qu\u2019est intervenue la signature d\u2019une convention-cadre entre le gouvernement du Cameroun et l\u2019entreprise britannique de droit \u00e9mirati Ruwaad holdings limited, en mode partenariat public priv\u00e9 pour la construction d\u2019h\u00f4tels, restaurants, parc d\u2019attractions, supermarch\u00e9s, espaces sportifs, villas, h\u00f4pitaux, jardins etc. sur une aire de plus de 10.000 hectares, en bordure de mer dans le D\u00e9partement de la Sanaga Maritime. Pour un co\u00fbt global de 1500 milliards de FCFA, cet ambitieux projet baptis\u00e9 Complexe \u00e9conomique et touristique de Y\u00f4y\u00f4 (localit\u00e9 de l\u2019arrondissement de Mouanko) pr\u00e9voyait g\u00e9n\u00e9rer 250.000 emplois en phase d\u2019installation et 120.000 en phase d\u2019exploitation.<\/p>\n<p>\u00ab L\u2019Arr\u00eat\u00e9 N\u00b0002\/MINDCAF\/CAF\/SG\/D1\/ D14\/D141 du 15 f\u00e9vrier 2012 a d\u00e9clar\u00e9 d\u2019utilit\u00e9 publique les travaux de construction de ce m\u00e9ga complexe \u00e9conomique et touristique sur une d\u00e9pendance du domaine national sise au lieu-dit Y\u00f4y\u00f4, Arrondissement de Mouanko, D\u00e9partement de la Sanaga Maritime. La signature le 25 mars 2010 par le Premier Ministre de l\u2019Arr\u00eat\u00e9 064\/CAB\/PM portant cr\u00e9ation, organisation et fonctionnement du comit\u00e9 interminist\u00e9riel de pilotage et de suivi de la construction du m\u00e9ga complexe \u00e9conomique et touristique de Yoyo venait rassurer sur le s\u00e9rieux du projet \u00bb, indique Ndoumbe Marcelin, une \u00e9lite Malimba de Mouanko.<\/p>\n<p><strong>Lire aussi : <a href=\"https:\/\/ecomatin.net\/communaute-urbaine-de-douala-52-milliards-de-recettes-collectees-en-2021\/\" target=\"_blank\" rel=\"noreferrer noopener\">Communaut\u00e9 urbaine de Douala : 52 milliards de recettes collect\u00e9es en 2021<\/a><\/strong><\/p>\n<p><strong>Blocages<\/strong><\/p>\n<p>Bient\u00f4t 14 ans apr\u00e8s la signature entre le gouvernement du Cameroun et le partenaire britannique, du pacte d\u2019actionnaires pour la constitution de la Cameroon International Project Company (CIP), soci\u00e9t\u00e9 de gestion du projet, le complexe annonc\u00e9 n\u2019a toujours pas d\u00e9marr\u00e9. Projet pilot\u00e9 par le Minist\u00e8re de l\u2019\u00e9conomie, du plan et de l\u2019am\u00e9nagement du territoire (Minepat), un comit\u00e9 interminist\u00e9riel est charg\u00e9 de le concr\u00e9tiser. Une correspondance de 13 novembre 2013 d\u2019Emmanuel Nganou Djoumessi, Minepat d\u2019alors, annon\u00e7ait au Pr\u00e9sident directeur g\u00e9n\u00e9ral de Ruwaad \u00abla prise des dispositions pour la viabilisation du site par l\u2019administration camerounaise\u00bb.<\/p>\n<p>Les mesures \u00e9voqu\u00e9es concernaient la mise \u00e0 disposition du site et son transfert \u00e0 la CIP, la mise en place des r\u00e9seaux d\u2019eau, d\u2019\u00e9lectricit\u00e9 (Minist\u00e8re de l\u2019eau et de l\u2019\u00e9nergie), l\u2019implantation des \u00e9quipements de t\u00e9l\u00e9communications (minist\u00e8re des Postes et t\u00e9l\u00e9communications), la r\u00e9alisation de la voie d\u2019acc\u00e8s au site par la Minist\u00e8re des travaux publics (route Ed\u00e9a-Mouanko-Y\u00f4y\u00f4). Le projet sera malheureusement bloqu\u00e9 au niveau de la reconnaissance l\u00e9gale de la soci\u00e9t\u00e9 de projet, la s\u00e9curisation contest\u00e9e du site (MINDCAF), le recensement des biens meubles et immeubles, la signature du d\u00e9cret d\u2019indemnisation des populations (Pr\u00e9sidence de la R\u00e9publique), la validation des termes de r\u00e9f\u00e9rence pour les r\u00e9seaux d\u2019eau et d\u2019\u00e9lectricit\u00e9 (Minist\u00e8re de l\u2019eau et de l\u2019\u00e9nergie), la validation des \u00e9tudes de la route Ed\u00e9a- Dizangu\u00e9 -Mouanko-Yoyo cens\u00e9e d\u00e9senclaver le site du projet (Minist\u00e8re des travaux publics).<\/p>\n<p><strong>Lire aussi : <a href=\"https:\/\/ecomatin.net\/13082-milliards-s-s-de-fcfa-de-plus-pour-lhopital-regional-annexe-de-mbalmayo\/\" target=\"_blank\" rel=\"noreferrer noopener\">13,082 milliards de Fcfa de plus pour l\u2019h\u00f4pital r\u00e9gional annexe de Mbalmayo<\/a><\/strong><\/p>\n<p><strong>Rupture de convention<\/strong><\/p>\n<p>Coup de th\u00e9\u00e2tre en f\u00e9vrier 2016, Louis Paul Motaze, devenu ministre de\u00a0\u00a0l\u2019Economie, du plan et de l\u2019am\u00e9nagement du territoire, annonce la d\u00e9nonciation de la convention de 2013, arguant que \u00abRuwaad n\u2019a plus manifest\u00e9 un quelconque int\u00e9r\u00eat \u00e0 poursuivre le projet, comme en t\u00e9moigne le fait que, plus de 3 ans apr\u00e8s la signature de la convention avec le gouvernement camerounais, cette firme contr\u00f4l\u00e9e par des investisseurs \u00e9miratis n\u2019a pas pu cr\u00e9er la soci\u00e9t\u00e9 de gestion du projet dans un d\u00e9lai de soixante jours au plus apr\u00e8s la signature de la convention\u00bb. Depuis, plus rien. Si ce n\u2019est des concertations sectorielles sans r\u00e9elles cons\u00e9quences d\u00e9cisives sur l\u2019avanc\u00e9e du projet \u00e0 l\u2019instar de celle organis\u00e9e le 12 d\u00e9cembre 2017 \u00e0 \u00c9d\u00e9a, par Jean Tchoffo. Le Secr\u00e9taire g\u00e9n\u00e9ral du Minepat examinait avec les diff\u00e9rentes parties prenantes, l\u2019atelier de pr\u00e9-validation visant \u00e0 affiner les sc\u00e9narii alternatifs du projet et le sc\u00e9nario de r\u00e9f\u00e9rence sur la base duquel la vision du site de Yoyo et les localit\u00e9s avoisinantes est projet\u00e9e, et de recueillir les recommandations sur les orientations strat\u00e9giques relatives au futur m\u00e9ga complexe.<\/p>\n<p><strong>Lire aussi : <a href=\"https:\/\/ecomatin.net\/en-6-ans-le-pea-jeunes-revendique-avoir-finance-plus-de-2600-jeunes-entrepreneurs-pour-10-000-emplois-directs-crees\/\" target=\"_blank\" rel=\"noreferrer noopener\">En 6 ans, le PEA-Jeunes revendique avoir financ\u00e9 plus de 2600 jeunes entrepreneurs pour 10 000 emplois directs cr\u00e9es<\/a><\/strong><\/p>\n<p>Au minist\u00e8re de l\u2019Economie, on rassure sur \u00abla fermet\u00e9 du Pr\u00e9sident de la R\u00e9publique \u00e0 concr\u00e9tiser et finaliser le projet \u00bb. Notre source \u00e9voque l\u2019existence des pourparlers en cours pour la recherche d\u2019un nouveau partenaire \u00ab plus engag\u00e9 que le pr\u00e9c\u00e9dent, car le gouvernement a quasiment rempli ses premiers engagements \u00bb. Rappelons toutefois que le gouvernement camerounais s\u2019est appropri\u00e9, via une d\u00e9claration d\u2019utilit\u00e9 publique, le titre foncier N\u00b04812\/SM d\u2019une superficie de 10.872 ha sans indemniser les populations victimes des destructions. Ne laissant que 7105 ha d\u2019espace vital aux Malimba, peuple autochtone de Mouanko. Un m\u00e9morandum de ces derniers, sign\u00e9 par 584 personnes sera adress\u00e9 au Pr\u00e9sident de la R\u00e9publique afin d\u2019exp\u00e9rimenter leur fin d\u2019exprimer leur d\u00e9sapprobation sur les limites de la superficie destin\u00e9e au projet, le retard pris sur les travaux, notamment.<\/p>\n<p><strong>Lire aussi : <a href=\"https:\/\/ecomatin.net\/autoroute-kribi-lolabe-les-dessous-de-lattribution-du-marche-a-la-chine\/\" target=\"_blank\" rel=\"noreferrer noopener\">Autoroute Kribi-Lolab\u00e9 : les dessous de l\u2019attribution du march\u00e9 \u00e0 la chine<\/a><\/strong><\/p>\n<p>L\u2019article <a rel=\"nofollow\" href=\"https:\/\/ecomatin.net\/ecotourisme-sur-les-traces-du-complexe-economique-et-touristique-de-yoyo\/\">Ecotourisme\u00a0: sur les traces du Complexe \u00e9conomique et touristique de Y\u00f4y\u00f4<\/a> est apparu en premier sur <a rel=\"nofollow\" href=\"https:\/\/ecomatin.net\/\">EcoMatin<\/a>.<\/p>\n<\/div>\n<p>Auteur: Georges Semey<br \/>\n<a href=\"https:\/\/ecomatin.net\/ecotourisme-sur-les-traces-du-complexe-economique-et-touristique-de-yoyo\/\">Cliquez ici pour lire l&rsquo;article depuis sa source.<\/a><\/p>\n","protected":false},"excerpt":{"rendered":"<p>C\u2019est en 2009 qu\u2019est intervenue la signature d\u2019une convention-cadre entre le gouvernement du Cameroun et l\u2019entreprise britannique de droit \u00e9mirati Ruwaad holdings limited, en mode partenariat public priv\u00e9 pour la construction d\u2019h\u00f4tels, restaurants, parc d\u2019attractions, supermarch\u00e9s, espaces sportifs, villas, h\u00f4pitaux, jardins etc. sur une aire de plus de 10.000 hectares, en bordure de mer dans [&hellip;]<\/p>\n","protected":false},"author":1969,"featured_media":0,"comment_status":"closed","ping_status":"closed","sticky":false,"template":"","format":"standard","meta":{"fifu_image_url":"","fifu_image_alt":"","footnotes":""},"categories":[82,78],"tags":[],"class_list":["post-151095","post","type-post","status-publish","format-standard","hentry","category-cameroun","category-economie"],"_links":{"self":[{"href":"https:\/\/linitiative.ca\/International\/wp-json\/wp\/v2\/posts\/151095","targetHints":{"allow":["GET"]}}],"collection":[{"href":"https:\/\/linitiative.ca\/International\/wp-json\/wp\/v2\/posts"}],"about":[{"href":"https:\/\/linitiative.ca\/International\/wp-json\/wp\/v2\/types\/post"}],"author":[{"embeddable":true,"href":"https:\/\/linitiative.ca\/International\/wp-json\/wp\/v2\/users\/1969"}],"replies":[{"embeddable":true,"href":"https:\/\/linitiative.ca\/International\/wp-json\/wp\/v2\/comments?post=151095"}],"version-history":[{"count":0,"href":"https:\/\/linitiative.ca\/International\/wp-json\/wp\/v2\/posts\/151095\/revisions"}],"wp:attachment":[{"href":"https:\/\/linitiative.ca\/International\/wp-json\/wp\/v2\/media?parent=151095"}],"wp:term":[{"taxonomy":"category","embeddable":true,"href":"https:\/\/linitiative.ca\/International\/wp-json\/wp\/v2\/categories?post=151095"},{"taxonomy":"post_tag","embeddable":true,"href":"https:\/\/linitiative.ca\/International\/wp-json\/wp\/v2\/tags?post=151095"}],"curies":[{"name":"wp","href":"https:\/\/api.w.org\/{rel}","templated":true}]}}