{"id":151121,"date":"2022-06-27T09:18:22","date_gmt":"2022-06-27T13:18:22","guid":{"rendered":"https:\/\/linitiative.ca\/International\/le-cro-signe-une-convention-de-partenariat-pour-la-creation-et-la-gestion-de-centres-de-programmation\/"},"modified":"2022-06-27T09:18:22","modified_gmt":"2022-06-27T13:18:22","slug":"le-cro-signe-une-convention-de-partenariat-pour-la-creation-et-la-gestion-de-centres-de-programmation","status":"publish","type":"post","link":"https:\/\/linitiative.ca\/International\/le-cro-signe-une-convention-de-partenariat-pour-la-creation-et-la-gestion-de-centres-de-programmation\/","title":{"rendered":"Le CRO signe une convention de partenariat pour la cr\u00e9ation et la gestion de centres de programmation"},"content":{"rendered":"<div>\n<div style=\"margin-bottom:20px;\"><img loading=\"lazy\" decoding=\"async\" width=\"750\" height=\"430\" src=\"https:\/\/linitiative.ca\/International\/wp-content\/uploads\/sites\/23\/2022\/06\/convention-cro-mezzour-oriental-partenariat-programmation-informatique-YouCode-2-750C397430-MAP.jpg\" class=\"attachment-post-thumbnail size-post-thumbnail wp-post-image\" alt=\"\" srcset=\"https:\/\/linitiative.ca\/International\/wp-content\/uploads\/sites\/23\/2022\/06\/convention-cro-mezzour-oriental-partenariat-programmation-informatique-YouCode-2-750C397430-MAP.jpg 750w, https:\/\/www.mapoujda.ma\/map\/uploads\/2022\/06\/convention-cro-mezzour-oriental-partenariat-programmation-informatique-YouCode-2-750\u00d7430-MAP-300x172.jpg 300w\" sizes=\"auto, (max-width: 750px) 100vw, 750px\"><\/div>\n<div>\n<p style=\"text-align: justify;\">Le si\u00e8ge du Conseil de la r\u00e9gion de l\u2019Oriental (CRO) \u00e0 Oujda a accueilli, samedi, la c\u00e9r\u00e9monie de signature d\u2019une convention de partenariat pour la cr\u00e9ation et la gestion de centres sp\u00e9cialis\u00e9s dans la programmation et le codage informatique \u00ab\u00a0YouCode\u00a0\u00bb au niveau de la r\u00e9gion.<\/p>\n<p style=\"text-align: justify;\">Selon un communiqu\u00e9 du CRO, la convention a \u00e9t\u00e9 sign\u00e9e par les minist\u00e8res de la Transition num\u00e9rique et de la r\u00e9forme de l\u2019administration et de la Jeunesse, de la culture et de la communication, la Wilaya de la r\u00e9gion de l\u2019Oriental, le Conseil r\u00e9gional, l\u2019Agence de l\u2019Oriental et l\u2019association \u201cLEET Initiative\u201d.<\/p>\n<p style=\"text-align: justify;\">La c\u00e9r\u00e9monie s\u2019est d\u00e9roul\u00e9e en pr\u00e9sence de la ministre d\u00e9l\u00e9gu\u00e9e charg\u00e9e de la Transition num\u00e9rique et de la r\u00e9forme de l\u2019administration, Ghita Mezzour et la d\u00e9l\u00e9gation l\u2019accompagnant, le wali de la r\u00e9gion de l\u2019Oriental, gouverneur de la pr\u00e9fecture d\u2019Oujda-Angad, Mouad El Jamai, le pr\u00e9sident du CRO, Abdenbi Bioui, le directeur financier et administratif de l\u2019Agence de l\u2019Oriental, Lahcen Bouali, le directeur g\u00e9n\u00e9ral des \u00e9coles du num\u00e9rique relevant de l\u2019Universit\u00e9 Mohammed VI plytechnique, Larbi Hilali et le directeur g\u00e9n\u00e9ral du Centre r\u00e9gional d\u2019investissement de l\u2019Oriental, Mohamed Sabri, en plus des vice-pr\u00e9sidents du CRO, de la secr\u00e9taire adjointe du Conseil, des pr\u00e9sidents des commissions et groupes et des membres du CRO.<\/p>\n<p style=\"text-align: justify;\">Intervenant \u00e0 cette occasion, M. Bioui a soulign\u00e9 que cette rencontre offre l\u2019opportunit\u00e9 de r\u00e9affirmer l\u2019importance de l\u2019adh\u00e9sion \u00e0 la transition num\u00e9rique, en tant que chantier prometteur contribuant \u00e0 la r\u00e9alisation d\u2019une v\u00e9ritable mutation strat\u00e9gique qui touche \u00e0 tous les aspects dont la gouvernance, la transparence, le rendement des services publics et la dynamique \u00e9conomique.<\/p>\n<p style=\"text-align: justify;\">Le CRO veille \u00e0 cr\u00e9er un climat propice \u00e0 la mise en place et au d\u00e9veloppement d\u2019une structure num\u00e9rique r\u00e9gionale, \u00e0 m\u00eame d\u2019\u00e9riger la r\u00e9gion en un p\u00f4le num\u00e9rique au rayonnement national, international et continental, a-t-il affirm\u00e9, notant que dans cette optique, le Conseil a adopt\u00e9 plusieurs conventions pour le soutien \u00e0 la recherche scientifique appliqu\u00e9e et \u00e0 l\u2019innovation, ainsi que pour la cr\u00e9ation de l\u2019\u00e9cole nationale d\u2019intelligence artificielle et de robotique et l\u2019appui au programme de formation et d\u2019inclusion dans les m\u00e9tiers du num\u00e9rique.<\/p>\n<p style=\"text-align: justify;\">Le Conseil r\u00e9gional entend faire r\u00e9ussir ces partenariats et promouvoir la coop\u00e9ration institutionnelle en vue d\u2019am\u00e9liorer les indicateurs relatifs \u00e0 la cr\u00e9ation d\u2019opportunit\u00e9 d\u2019emploi et \u00e0 la comp\u00e9titivit\u00e9 territoriale, ainsi que de contribuer \u00e0 faire de l\u2019Oriental une r\u00e9gion qui attire les investissements innovants et qui adh\u00e8re pleinement \u00e0 l\u2019\u00e9conomie du savoir et la soci\u00e9t\u00e9 num\u00e9rique, a dit M. Bioui.<\/p>\n<p style=\"text-align: justify;\">Cette convention est de nature \u00e0 impulser une nouvelle dynamique au processus de d\u00e9veloppement humain et \u00e0 renforcer les capacit\u00e9s des jeunes en particulier, a-t-il relev\u00e9. \u201cNous sommes pleinement conscients des d\u00e9fis en termes de cons\u00e9cration des bases pour l\u2019accompagnement du changement, d\u2019o\u00f9 la n\u00e9cessit\u00e9 de garantir l\u2019adh\u00e9sion des jeunes dans la dynamique de la transition num\u00e9rique, compte tenu du fait que le capital humain constitue l\u2019\u00e9l\u00e9ment fondamental pour atteindre le rayonnement de d\u00e9veloppement voulu\u201d, a-t-il ajout\u00e9.<\/p>\n<p style=\"text-align: justify;\">Dans ce sens, le pr\u00e9sident du CRO a salu\u00e9 les efforts de l\u2019ensemble des partenaires \u00e0 cette convention, notant que la transition num\u00e9rique est un levier du d\u00e9veloppement contribuant \u00e0 la mise en oeuvre des conclusions du Nouveau mod\u00e8le de d\u00e9veloppement, en sus de son r\u00f4le dans le renforcement des capacit\u00e9s, la lib\u00e9ration des \u00e9nergies et l\u2019ouverture sur les domaines informatiques et virtuels, afin de faciliter l\u2019int\u00e9gration dans l\u2019\u00e9conomie du savoir et de la communication.<\/p>\n<p style=\"text-align: justify;\">M. Bioui a, ainsi, salu\u00e9 les efforts de la ministre d\u00e9l\u00e9gu\u00e9e charg\u00e9e de la Transition num\u00e9rique et de la r\u00e9forme de l\u2019administration, du wali de la r\u00e9gion de l\u2019Oriental, gouverneur de la pr\u00e9fecture d\u2019Oujda-Angad, du directeur g\u00e9n\u00e9ral de l\u2019Agence de l\u2019Oriental, du directeur g\u00e9n\u00e9ral du Centre r\u00e9gional d\u2019investissement et de l\u2019ensemble des personnalit\u00e9s pr\u00e9sente lors de cette rencontre, sans oublier les diff\u00e9rentes institutions, autorit\u00e9s et acteurs sectoriels.<\/p>\n<p style=\"text-align: justify;\">Selon le communiqu\u00e9, cette convention, d\u2019un co\u00fbt global de 25 millions de dirhams (MDH), vise \u00e0 d\u00e9terminer les conditions et le cadre du partenariat et de la coop\u00e9ration entre les parties signataires, afin de d\u00e9velopper le secteur du num\u00e9rique au niveau de la r\u00e9gion de l\u2019Oriental, et ainsi am\u00e9liorer l\u2019employabilit\u00e9 des jeunes dans le domaine des nouvelles technologies, tout en fournissant des ressources humaines qualifi\u00e9es aux acteurs op\u00e9rant dans le secteur de la technologie d\u2019information.<\/p>\n<p style=\"text-align: justify;\">Il s\u2019agit \u00e9galement de mettre en place un syst\u00e8me d\u2019enseignement et de recrutement dans les m\u00e9tiers du num\u00e9rique dans l\u2019Oriental, et ce \u00e0 travers l\u2019am\u00e9nagement et l\u2019\u00e9quipement des maisons des jeunes pour la cr\u00e9ation de centres sp\u00e9cialis\u00e9s dans la programmation et le codage informatique, gr\u00e2ce \u00e0 un partenariat entre les parties prenantes.<\/p>\n<p style=\"text-align: justify;\">L\u2019objectif est d\u2019assurer le recrutement des comp\u00e9tences et talents form\u00e9s dans ces \u00e9tablissements de programmation, en vue d\u2019offrir leurs services \u00e0 l\u2019\u00e9chelle locale, r\u00e9gionale et internationale.<\/p>\n<\/div>\n<p>L\u2019article <a rel=\"nofollow\" href=\"https:\/\/www.mapoujda.ma\/fr\/le-cro-signe-une-convention-de-partenariat-pour-la-creation-et-la-gestion-de-centres-de-programmation\/\">Le CRO signe une convention de partenariat pour la cr\u00e9ation et la gestion de centres de programmation<\/a> est apparu en premier sur <a rel=\"nofollow\" href=\"https:\/\/www.mapoujda.ma\/fr\">MapOujda<\/a>.<\/p>\n<\/div>\n<p>Auteur: Soufiane ELAHMAR<br \/>\n<a href=\"https:\/\/www.mapoujda.ma\/fr\/le-cro-signe-une-convention-de-partenariat-pour-la-creation-et-la-gestion-de-centres-de-programmation\/\">Cliquez ici pour lire l&rsquo;article depuis sa source.<\/a><\/p>\n","protected":false},"excerpt":{"rendered":"<p>Le si\u00e8ge du Conseil de la r\u00e9gion de l\u2019Oriental (CRO) \u00e0 Oujda a accueilli, samedi, la c\u00e9r\u00e9monie de signature d\u2019une convention de partenariat pour la cr\u00e9ation et la gestion de centres sp\u00e9cialis\u00e9s dans la programmation et le codage informatique \u00ab\u00a0YouCode\u00a0\u00bb au niveau de la r\u00e9gion. Selon un communiqu\u00e9 du CRO, la convention a \u00e9t\u00e9 sign\u00e9e [&hellip;]<\/p>\n","protected":false},"author":1788,"featured_media":0,"comment_status":"closed","ping_status":"closed","sticky":false,"template":"","format":"standard","meta":{"fifu_image_url":"https:\/\/www.mapoujda.ma\/map\/uploads\/2022\/06\/convention-cro-mezzour-oriental-partenariat-programmation-informatique-YouCode-2-750\u00d7430-MAP.jpg","fifu_image_alt":"Le CRO signe une convention de partenariat pour la cr\u00e9ation et la gestion de centres de programmation","footnotes":""},"categories":[54,76],"tags":[],"class_list":["post-151121","post","type-post","status-publish","format-standard","hentry","category-maroc","category-regions"],"_links":{"self":[{"href":"https:\/\/linitiative.ca\/International\/wp-json\/wp\/v2\/posts\/151121","targetHints":{"allow":["GET"]}}],"collection":[{"href":"https:\/\/linitiative.ca\/International\/wp-json\/wp\/v2\/posts"}],"about":[{"href":"https:\/\/linitiative.ca\/International\/wp-json\/wp\/v2\/types\/post"}],"author":[{"embeddable":true,"href":"https:\/\/linitiative.ca\/International\/wp-json\/wp\/v2\/users\/1788"}],"replies":[{"embeddable":true,"href":"https:\/\/linitiative.ca\/International\/wp-json\/wp\/v2\/comments?post=151121"}],"version-history":[{"count":0,"href":"https:\/\/linitiative.ca\/International\/wp-json\/wp\/v2\/posts\/151121\/revisions"}],"wp:attachment":[{"href":"https:\/\/linitiative.ca\/International\/wp-json\/wp\/v2\/media?parent=151121"}],"wp:term":[{"taxonomy":"category","embeddable":true,"href":"https:\/\/linitiative.ca\/International\/wp-json\/wp\/v2\/categories?post=151121"},{"taxonomy":"post_tag","embeddable":true,"href":"https:\/\/linitiative.ca\/International\/wp-json\/wp\/v2\/tags?post=151121"}],"curies":[{"name":"wp","href":"https:\/\/api.w.org\/{rel}","templated":true}]}}