{"id":151173,"date":"2022-06-27T15:18:04","date_gmt":"2022-06-27T19:18:04","guid":{"rendered":"https:\/\/linitiative.ca\/International\/dakar-la-fondation-ocp-mobilise-2-millions-deuros-pour-un-programme-de-preservation-de-la-biodiversite\/"},"modified":"2022-06-27T15:18:04","modified_gmt":"2022-06-27T19:18:04","slug":"dakar-la-fondation-ocp-mobilise-2-millions-deuros-pour-un-programme-de-preservation-de-la-biodiversite","status":"publish","type":"post","link":"https:\/\/linitiative.ca\/International\/dakar-la-fondation-ocp-mobilise-2-millions-deuros-pour-un-programme-de-preservation-de-la-biodiversite\/","title":{"rendered":"Dakar: la Fondation OCP mobilise 2 millions d\u2019euros pour un programme de pr\u00e9servation de la biodiversit\u00e9"},"content":{"rendered":"<div>\n<p><img decoding=\"async\" width=\"290\" height=\"174\" src=\"https:\/\/linitiative.ca\/International\/wp-content\/uploads\/sites\/23\/2022\/06\/16563574843038.jpg\" class=\"attachment-post-thumbnail size-post-thumbnail wp-post-image\" alt=\"\" loading=\"lazy\"><\/p>\n<p>La Fondation de l&rsquo;Office ch\u00e9rifien des phosphates (OCP) a proc\u00e9d\u00e9, lundi \u00e0 Dakar, \u00e0 la signature d&rsquo;une convention avec l&rsquo;Agence s\u00e9n\u00e9galaise de la reforestation et de la Grande Muraille verte (ASERGMV), d&rsquo;un montant de pr\u00e8s de 2 millions d&rsquo;euros (1,4 milliard de francs Cfa) visant la pr\u00e9servation de la biodiversit\u00e9.La convention est ax\u00e9e sur l&rsquo;appui au d\u00e9veloppement agricole communautaire et le renforcement des capacit\u00e9s de l&rsquo;ASERGMV pour l&rsquo;accompagnement et l&rsquo;encadrement des projets destin\u00e9s \u00e0 la r\u00e9g\u00e9n\u00e9ration de la biodiversit\u00e9 locale.<\/p>\n<p>Ces projets portent sur la capacitation des cadres de l&rsquo;Agence \u00e0 travers des leviers notamment les laboratoires d&rsquo;analyse des sols et de l&rsquo;eau, parce qu&rsquo;ils fournissent des donn\u00e9es assez strat\u00e9giques pour la planification des projets.\u00a0<\/p>\n<p>Il s&rsquo;agit aussi de la formation des cadres pour tout ce qui est probl\u00e9matique relative au climat, \u00e0 l&rsquo;environnement, l&rsquo;eau, et l&rsquo;initiation \u00e0 la certification carbone qui constituera l&rsquo;enjeu du si\u00e8cle suivant.<\/p>\n<p>Cet article <a rel=\"nofollow\" href=\"https:\/\/www.journalducameroun.com\/dakar-la-fondation-ocp-mobilise-2-millions-deuros-pour-un-programme-de-preservation-de-la-biodiversite\/\">Dakar: la Fondation OCP mobilise 2 millions d\u2019euros pour un programme de pr\u00e9servation de la biodiversit\u00e9<\/a> est apparu en premier sur <a rel=\"nofollow\" href=\"https:\/\/www.journalducameroun.com\/\">Journal du Cameroun<\/a>.<\/p>\n<\/div>\n<p>Auteur: APA News<br \/>\n<a href=\"https:\/\/www.journalducameroun.com\/dakar-la-fondation-ocp-mobilise-2-millions-deuros-pour-un-programme-de-preservation-de-la-biodiversite\/\">Cliquez ici pour lire l&rsquo;article depuis sa source.<\/a><\/p>\n","protected":false},"excerpt":{"rendered":"<p>La Fondation de l&rsquo;Office ch\u00e9rifien des phosphates (OCP) a proc\u00e9d\u00e9, lundi \u00e0 Dakar, \u00e0 la signature d&rsquo;une convention avec l&rsquo;Agence s\u00e9n\u00e9galaise de la reforestation et de la Grande Muraille verte (ASERGMV), d&rsquo;un montant de pr\u00e8s de 2 millions d&rsquo;euros (1,4 milliard de francs Cfa) visant la pr\u00e9servation de la biodiversit\u00e9.La convention est ax\u00e9e sur l&rsquo;appui [&hellip;]<\/p>\n","protected":false},"author":1965,"featured_media":0,"comment_status":"closed","ping_status":"closed","sticky":false,"template":"","format":"standard","meta":{"fifu_image_url":"https:\/\/www.journalducameroun.com\/wp-content\/uploads\/2022\/06\/16563574843038.jpg","fifu_image_alt":"Dakar: la Fondation OCP mobilise 2 millions d\u2019euros pour un programme de pr\u00e9servation de la biodiversit\u00e9","footnotes":""},"categories":[73,82],"tags":[],"class_list":["post-151173","post","type-post","status-publish","format-standard","hentry","category-actualite","category-cameroun"],"_links":{"self":[{"href":"https:\/\/linitiative.ca\/International\/wp-json\/wp\/v2\/posts\/151173","targetHints":{"allow":["GET"]}}],"collection":[{"href":"https:\/\/linitiative.ca\/International\/wp-json\/wp\/v2\/posts"}],"about":[{"href":"https:\/\/linitiative.ca\/International\/wp-json\/wp\/v2\/types\/post"}],"author":[{"embeddable":true,"href":"https:\/\/linitiative.ca\/International\/wp-json\/wp\/v2\/users\/1965"}],"replies":[{"embeddable":true,"href":"https:\/\/linitiative.ca\/International\/wp-json\/wp\/v2\/comments?post=151173"}],"version-history":[{"count":0,"href":"https:\/\/linitiative.ca\/International\/wp-json\/wp\/v2\/posts\/151173\/revisions"}],"wp:attachment":[{"href":"https:\/\/linitiative.ca\/International\/wp-json\/wp\/v2\/media?parent=151173"}],"wp:term":[{"taxonomy":"category","embeddable":true,"href":"https:\/\/linitiative.ca\/International\/wp-json\/wp\/v2\/categories?post=151173"},{"taxonomy":"post_tag","embeddable":true,"href":"https:\/\/linitiative.ca\/International\/wp-json\/wp\/v2\/tags?post=151173"}],"curies":[{"name":"wp","href":"https:\/\/api.w.org\/{rel}","templated":true}]}}