{"id":151178,"date":"2022-06-27T15:28:01","date_gmt":"2022-06-27T19:28:01","guid":{"rendered":"https:\/\/linitiative.ca\/International\/crise-alimentaire-lunion-europeenne-va-debloquer-393-milliards-de-fcfa-en-direction-des-pays-acp\/"},"modified":"2022-06-27T15:28:01","modified_gmt":"2022-06-27T19:28:01","slug":"crise-alimentaire-lunion-europeenne-va-debloquer-393-milliards-de-fcfa-en-direction-des-pays-acp","status":"publish","type":"post","link":"https:\/\/linitiative.ca\/International\/crise-alimentaire-lunion-europeenne-va-debloquer-393-milliards-de-fcfa-en-direction-des-pays-acp\/","title":{"rendered":"Crise alimentaire\u00a0: l\u2019Union Europ\u00e9enne va d\u00e9bloquer 393 milliards de Fcfa en direction des pays ACP"},"content":{"rendered":"<div>\n<p>Le conflit russo-ukrainien a entra\u00een\u00e9 plusieurs r\u00e9percussions \u00e0 l\u2019\u00e9chelle mondiale. Parmi celles-ci figurent la crise alimentaire. Une situation qui est attir\u00e9 pr\u00e8s de 193 millions de personnes dans 53 pays en situation d\u2019ins\u00e9curit\u00e9 alimentaire aigu\u00eb. Face \u00e0 cette probl\u00e9matique qui devient de plus en plus pressante, la Commission europ\u00e9enne a adopt\u00e9 le 21 juin 2022, une proposition visant \u00e0 mobiliser la somme de 600 millions d\u2019euros, soit plus de 393 milliards de Fcfa, en faveur des pays d\u2019Afrique, Cara\u00efbes et Pacifique (ACP). L\u2019annonce de cet appui financier a \u00e9t\u00e9 faite \u00e0 Bruxelles, lors du lancement de l\u2019\u00e9dition 2022, des journ\u00e9es europ\u00e9ennes de d\u00e9veloppement que l\u2019annonce a \u00e9t\u00e9 faite.\u00a0\u00a0<\/p>\n<p><strong>Lire aussi : <a href=\"https:\/\/ecomatin.net\/lue-et-les-pays-de-loeacp-signent-un-nouvel-accord-de-partenariat\/\" target=\"_blank\" rel=\"noreferrer noopener\">L\u2019UE et les pays de l\u2019Oeacp signent un nouvel accord de partenariat<\/a><\/strong><\/p>\n<p>Selon l\u2019Union europ\u00e9enne (UE), cet appui financier provient des r\u00e9serves du Fonds europ\u00e9en de d\u00e9veloppement (fonds d\u00e9sengag\u00e9s des 10e et 11e FED, qui seraient restitu\u00e9s aux \u00c9tats membres de l\u2019UE) et divisera en trois parts. 150 millions d\u2019euros (98,393 milliards de Fcfa) destin\u00e9e \u00e0 l\u2019aide humanitaire, 350 millions d\u2019euros (229,5 milliards)\u00a0\u00a0pour l\u2019appui \u00e0 la production durable et \u00e0 la r\u00e9silience des syst\u00e8mes alimentaires, et 100 millions d\u2019euros (65,595 milliards) affect\u00e9s \u00e0 l\u2019appui sur le plan macro\u00e9conomique.<\/p>\n<p><strong>Lire aussi : <a href=\"https:\/\/ecomatin.net\/cooperation-laccord-de-samoa-liera-bientot-les-pays-membres-de-loeacp-et-lue\/\" target=\"_blank\" rel=\"noreferrer noopener\">Coop\u00e9ration : l\u2019accord de Samoa liera bient\u00f4t les pays membres de l\u2019Oeacp et l\u2019UE<\/a><\/strong><\/p>\n<p>Ce nouvel accompagnement de l\u2019UE en faveur des pays ACP dont le Cameroun fait partie int\u00e9grante vise \u00e0 \u00ab\u00a0contribuer \u00e0 la r\u00e9ponse apport\u00e9e par l\u2019UE \u00e0 l\u2019\u00e9chelle mondiale en mati\u00e8re de s\u00e9curit\u00e9 alimentaire pour faire face \u00e0 la crise alimentaire, vient s\u2019ajouter \u00e0 l\u2019aide humanitaire d\u00e9j\u00e0 mobilis\u00e9e dans le monde entier ainsi qu\u2019aux fonds allou\u00e9s au titre de l\u2019IVCDCI \u2013 Europe dans le monde \u00e0 des projets dans les domaines de l\u2019agriculture durable, de la nutrition de base, de l\u2019eau et de l\u2019assainissement, ainsi que de la protection sociale\u00a0\u00bb, rapporte le communiqu\u00e9 rendu public \u00e0 cet effet.<\/p>\n<p><strong>Lire aussi : <a href=\"https:\/\/ecomatin.net\/mangue-papaye-tomate-aubergine-ces-produits-s-que-le-cameroun-nexportera-plus-vers-lue\/\" target=\"_blank\" rel=\"noreferrer noopener\">Mangue, papaye, tomate, aubergine\u2026\u00a0: ces produits que le Cameroun n\u2019exportera plus vers l\u2019UE<\/a><\/strong><\/p>\n<p>Si le conseil confirme cette proposition \u00e9mise par la Commission europ\u00e9enne, ce nouvel soutient de l\u2019UE, viendra rejoindre un large \u00e9ventail de mesures d\u00e9j\u00e0 mis en \u0153uvre depuis le d\u00e9clenchement de cette crise.<\/p>\n<p>L\u2019article <a rel=\"nofollow\" href=\"https:\/\/ecomatin.net\/crise-alimentaire-lunion-europeenne-va-debloquer-393-milliards-de-fcfa-en-direction-des-pays-acp\/\">Crise alimentaire\u00a0: l\u2019Union Europ\u00e9enne va d\u00e9bloquer 393 milliards de Fcfa en direction des pays ACP<\/a> est apparu en premier sur <a rel=\"nofollow\" href=\"https:\/\/ecomatin.net\/\">EcoMatin<\/a>.<\/p>\n<\/div>\n<p>Auteur: Cindy MBALA<br \/>\n<a href=\"https:\/\/ecomatin.net\/crise-alimentaire-lunion-europeenne-va-debloquer-393-milliards-de-fcfa-en-direction-des-pays-acp\/\">Cliquez ici pour lire l&rsquo;article depuis sa source.<\/a><\/p>\n","protected":false},"excerpt":{"rendered":"<p>Le conflit russo-ukrainien a entra\u00een\u00e9 plusieurs r\u00e9percussions \u00e0 l\u2019\u00e9chelle mondiale. Parmi celles-ci figurent la crise alimentaire. Une situation qui est attir\u00e9 pr\u00e8s de 193 millions de personnes dans 53 pays en situation d\u2019ins\u00e9curit\u00e9 alimentaire aigu\u00eb. Face \u00e0 cette probl\u00e9matique qui devient de plus en plus pressante, la Commission europ\u00e9enne a adopt\u00e9 le 21 juin 2022, [&hellip;]<\/p>\n","protected":false},"author":1969,"featured_media":0,"comment_status":"closed","ping_status":"closed","sticky":false,"template":"","format":"standard","meta":{"fifu_image_url":"","fifu_image_alt":"","footnotes":""},"categories":[82,78],"tags":[],"class_list":["post-151178","post","type-post","status-publish","format-standard","hentry","category-cameroun","category-economie"],"_links":{"self":[{"href":"https:\/\/linitiative.ca\/International\/wp-json\/wp\/v2\/posts\/151178","targetHints":{"allow":["GET"]}}],"collection":[{"href":"https:\/\/linitiative.ca\/International\/wp-json\/wp\/v2\/posts"}],"about":[{"href":"https:\/\/linitiative.ca\/International\/wp-json\/wp\/v2\/types\/post"}],"author":[{"embeddable":true,"href":"https:\/\/linitiative.ca\/International\/wp-json\/wp\/v2\/users\/1969"}],"replies":[{"embeddable":true,"href":"https:\/\/linitiative.ca\/International\/wp-json\/wp\/v2\/comments?post=151178"}],"version-history":[{"count":0,"href":"https:\/\/linitiative.ca\/International\/wp-json\/wp\/v2\/posts\/151178\/revisions"}],"wp:attachment":[{"href":"https:\/\/linitiative.ca\/International\/wp-json\/wp\/v2\/media?parent=151178"}],"wp:term":[{"taxonomy":"category","embeddable":true,"href":"https:\/\/linitiative.ca\/International\/wp-json\/wp\/v2\/categories?post=151178"},{"taxonomy":"post_tag","embeddable":true,"href":"https:\/\/linitiative.ca\/International\/wp-json\/wp\/v2\/tags?post=151178"}],"curies":[{"name":"wp","href":"https:\/\/api.w.org\/{rel}","templated":true}]}}