{"id":151188,"date":"2022-06-28T11:06:49","date_gmt":"2022-06-28T15:06:49","guid":{"rendered":"https:\/\/linitiative.ca\/International\/covid-19-maroc-la-situation-epidemiologique-au-28-juin-2022\/"},"modified":"2022-06-28T11:06:49","modified_gmt":"2022-06-28T15:06:49","slug":"covid-19-maroc-la-situation-epidemiologique-au-28-juin-2022","status":"publish","type":"post","link":"https:\/\/linitiative.ca\/International\/covid-19-maroc-la-situation-epidemiologique-au-28-juin-2022\/","title":{"rendered":"Covid-19 \/ Maroc : La situation \u00e9pid\u00e9miologique au 28  juin 2022"},"content":{"rendered":"<div>\n<p><img decoding=\"async\" width=\"300\" height=\"153\" src=\"https:\/\/linitiative.ca\/International\/wp-content\/uploads\/sites\/23\/2022\/06\/test-kit-coronavirus-covid-19-300x153-1.jpg\" class=\"attachment-medium size-medium wp-post-image\" alt=\"\" loading=\"lazy\" srcset=\"https:\/\/linitiative.ca\/International\/wp-content\/uploads\/sites\/23\/2022\/06\/test-kit-coronavirus-covid-19-300x153-1.jpg 300w, https:\/\/aujourdhui.ma\/wp-content\/uploads\/2020\/05\/test-kit-coronavirus-covid-19.jpg 746w\" sizes=\"auto, (max-width: 300px) 100vw, 300px\"><\/p>\n<p>4009\u00a0nouveaux cas soit un cumul de 1.209 302\u00a0cas \u00e0 ce jour.<br \/>\n1225 gu\u00e9risons soit un cumul de 1.171 180\u00a0\u00e0 ce jour.<br \/>\n3\u00a0 nouveaux D\u00c9C\u00c8S donc un cumul de 16.104 \u00e0 ce jour.<\/p>\n<p><strong>Nombre de personnes vaccin\u00e9es au 28 juin 2022<br \/>\n<\/strong><\/p>\n<p>1\u00e8re dose :<strong>\u00a024 855 212<\/strong><\/p>\n<p>2\u00e8me dose :\u00a0<strong>23 340 378\u00a0<\/strong><\/p>\n<p>3\u00e8me dose :\u00a0<strong>6 546 104<\/strong><\/p>\n<p><a href=\"https:\/\/linitiative.ca\/International\/wp-content\/uploads\/sites\/23\/2022\/06\/28_06_2022.Covidose.MAROC_Page_1.jpg\"><img loading=\"lazy\" decoding=\"async\" class=\"alignnone size-full wp-image-411905\" src=\"https:\/\/linitiative.ca\/International\/wp-content\/uploads\/sites\/23\/2022\/06\/28_06_2022.Covidose.MAROC_Page_1.jpg\" alt=\"\" width=\"1910\" height=\"2538\" srcset=\"https:\/\/linitiative.ca\/International\/wp-content\/uploads\/sites\/23\/2022\/06\/28_06_2022.Covidose.MAROC_Page_1.jpg 1910w, https:\/\/aujourdhui.ma\/wp-content\/uploads\/2022\/06\/28_06_2022.Covidose.MAROC_Page_1-226x300.jpg 226w, https:\/\/aujourdhui.ma\/wp-content\/uploads\/2022\/06\/28_06_2022.Covidose.MAROC_Page_1-771x1024.jpg 771w, https:\/\/aujourdhui.ma\/wp-content\/uploads\/2022\/06\/28_06_2022.Covidose.MAROC_Page_1-768x1021.jpg 768w, https:\/\/aujourdhui.ma\/wp-content\/uploads\/2022\/06\/28_06_2022.Covidose.MAROC_Page_1-1156x1536.jpg 1156w, https:\/\/aujourdhui.ma\/wp-content\/uploads\/2022\/06\/28_06_2022.Covidose.MAROC_Page_1-1541x2048.jpg 1541w\" sizes=\"auto, (max-width: 1910px) 100vw, 1910px\"><\/a> <a href=\"https:\/\/linitiative.ca\/International\/wp-content\/uploads\/sites\/23\/2022\/06\/28_06_2022.Covidose.MAROC_Page_2.jpg\"><img loading=\"lazy\" decoding=\"async\" class=\"alignnone size-full wp-image-411906\" src=\"https:\/\/linitiative.ca\/International\/wp-content\/uploads\/sites\/23\/2022\/06\/28_06_2022.Covidose.MAROC_Page_2.jpg\" alt=\"\" width=\"1910\" height=\"2538\" srcset=\"https:\/\/linitiative.ca\/International\/wp-content\/uploads\/sites\/23\/2022\/06\/28_06_2022.Covidose.MAROC_Page_2.jpg 1910w, https:\/\/aujourdhui.ma\/wp-content\/uploads\/2022\/06\/28_06_2022.Covidose.MAROC_Page_2-226x300.jpg 226w, https:\/\/aujourdhui.ma\/wp-content\/uploads\/2022\/06\/28_06_2022.Covidose.MAROC_Page_2-771x1024.jpg 771w, https:\/\/aujourdhui.ma\/wp-content\/uploads\/2022\/06\/28_06_2022.Covidose.MAROC_Page_2-768x1021.jpg 768w, https:\/\/aujourdhui.ma\/wp-content\/uploads\/2022\/06\/28_06_2022.Covidose.MAROC_Page_2-1156x1536.jpg 1156w, https:\/\/aujourdhui.ma\/wp-content\/uploads\/2022\/06\/28_06_2022.Covidose.MAROC_Page_2-1541x2048.jpg 1541w\" sizes=\"auto, (max-width: 1910px) 100vw, 1910px\"><\/a> <a href=\"https:\/\/linitiative.ca\/International\/wp-content\/uploads\/sites\/23\/2022\/06\/28_06_2022.Covidose.MAROC_Page_3.jpg\"><img loading=\"lazy\" decoding=\"async\" class=\"alignnone size-full wp-image-411907\" src=\"https:\/\/linitiative.ca\/International\/wp-content\/uploads\/sites\/23\/2022\/06\/28_06_2022.Covidose.MAROC_Page_3.jpg\" alt=\"\" width=\"1910\" height=\"2538\" srcset=\"https:\/\/linitiative.ca\/International\/wp-content\/uploads\/sites\/23\/2022\/06\/28_06_2022.Covidose.MAROC_Page_3.jpg 1910w, https:\/\/aujourdhui.ma\/wp-content\/uploads\/2022\/06\/28_06_2022.Covidose.MAROC_Page_3-226x300.jpg 226w, https:\/\/aujourdhui.ma\/wp-content\/uploads\/2022\/06\/28_06_2022.Covidose.MAROC_Page_3-771x1024.jpg 771w, https:\/\/aujourdhui.ma\/wp-content\/uploads\/2022\/06\/28_06_2022.Covidose.MAROC_Page_3-768x1021.jpg 768w, https:\/\/aujourdhui.ma\/wp-content\/uploads\/2022\/06\/28_06_2022.Covidose.MAROC_Page_3-1156x1536.jpg 1156w, https:\/\/aujourdhui.ma\/wp-content\/uploads\/2022\/06\/28_06_2022.Covidose.MAROC_Page_3-1541x2048.jpg 1541w\" sizes=\"auto, (max-width: 1910px) 100vw, 1910px\"><\/a> <a href=\"https:\/\/linitiative.ca\/International\/wp-content\/uploads\/sites\/23\/2022\/06\/28_06_2022.Covidose.MAROC_Page_4.jpg\"><img loading=\"lazy\" decoding=\"async\" class=\"alignnone size-full wp-image-411908\" src=\"https:\/\/linitiative.ca\/International\/wp-content\/uploads\/sites\/23\/2022\/06\/28_06_2022.Covidose.MAROC_Page_4.jpg\" alt=\"\" width=\"1910\" height=\"2538\" srcset=\"https:\/\/linitiative.ca\/International\/wp-content\/uploads\/sites\/23\/2022\/06\/28_06_2022.Covidose.MAROC_Page_4.jpg 1910w, https:\/\/aujourdhui.ma\/wp-content\/uploads\/2022\/06\/28_06_2022.Covidose.MAROC_Page_4-226x300.jpg 226w, https:\/\/aujourdhui.ma\/wp-content\/uploads\/2022\/06\/28_06_2022.Covidose.MAROC_Page_4-771x1024.jpg 771w, https:\/\/aujourdhui.ma\/wp-content\/uploads\/2022\/06\/28_06_2022.Covidose.MAROC_Page_4-768x1021.jpg 768w, https:\/\/aujourdhui.ma\/wp-content\/uploads\/2022\/06\/28_06_2022.Covidose.MAROC_Page_4-1156x1536.jpg 1156w, https:\/\/aujourdhui.ma\/wp-content\/uploads\/2022\/06\/28_06_2022.Covidose.MAROC_Page_4-1541x2048.jpg 1541w\" sizes=\"auto, (max-width: 1910px) 100vw, 1910px\"><\/a> <a href=\"https:\/\/linitiative.ca\/International\/wp-content\/uploads\/sites\/23\/2022\/06\/28_06_2022.Covidose.MAROC_Page_5.jpg\"><img loading=\"lazy\" decoding=\"async\" class=\"alignnone size-full wp-image-411909\" src=\"https:\/\/linitiative.ca\/International\/wp-content\/uploads\/sites\/23\/2022\/06\/28_06_2022.Covidose.MAROC_Page_5.jpg\" alt=\"\" width=\"1910\" height=\"2538\" srcset=\"https:\/\/linitiative.ca\/International\/wp-content\/uploads\/sites\/23\/2022\/06\/28_06_2022.Covidose.MAROC_Page_5.jpg 1910w, https:\/\/aujourdhui.ma\/wp-content\/uploads\/2022\/06\/28_06_2022.Covidose.MAROC_Page_5-226x300.jpg 226w, https:\/\/aujourdhui.ma\/wp-content\/uploads\/2022\/06\/28_06_2022.Covidose.MAROC_Page_5-771x1024.jpg 771w, https:\/\/aujourdhui.ma\/wp-content\/uploads\/2022\/06\/28_06_2022.Covidose.MAROC_Page_5-768x1021.jpg 768w, https:\/\/aujourdhui.ma\/wp-content\/uploads\/2022\/06\/28_06_2022.Covidose.MAROC_Page_5-1156x1536.jpg 1156w, https:\/\/aujourdhui.ma\/wp-content\/uploads\/2022\/06\/28_06_2022.Covidose.MAROC_Page_5-1541x2048.jpg 1541w\" sizes=\"auto, (max-width: 1910px) 100vw, 1910px\"><\/a><\/p>\n<\/div>\n<p>Auteur: ALM<br \/>\n<a href=\"https:\/\/aujourdhui.ma\/societe\/covid-19-maroc-la-situation-epidemiologique-au-28-juin-2022\">Cliquez ici pour lire l&rsquo;article depuis sa source.<\/a><\/p>\n","protected":false},"excerpt":{"rendered":"<p>4009\u00a0nouveaux cas soit un cumul de 1.209 302\u00a0cas \u00e0 ce jour. 1225 gu\u00e9risons soit un cumul de 1.171 180\u00a0\u00e0 ce jour. 3\u00a0 nouveaux D\u00c9C\u00c8S donc un cumul de 16.104 \u00e0 ce jour. Nombre de personnes vaccin\u00e9es au 28 juin 2022 1\u00e8re dose :\u00a024 855 212 2\u00e8me dose :\u00a023 340 378\u00a0 3\u00e8me dose :\u00a06 546 104 [&hellip;]<\/p>\n","protected":false},"author":1759,"featured_media":0,"comment_status":"closed","ping_status":"closed","sticky":false,"template":"","format":"standard","meta":{"fifu_image_url":"https:\/\/aujourdhui.ma\/wp-content\/uploads\/2020\/05\/test-kit-coronavirus-covid-19-300x153.jpg","fifu_image_alt":"Covid-19 \/ Maroc : La situation \u00e9pid\u00e9miologique au 28  juin 2022","footnotes":""},"categories":[73,54],"tags":[],"class_list":["post-151188","post","type-post","status-publish","format-standard","hentry","category-actualite","category-maroc"],"_links":{"self":[{"href":"https:\/\/linitiative.ca\/International\/wp-json\/wp\/v2\/posts\/151188","targetHints":{"allow":["GET"]}}],"collection":[{"href":"https:\/\/linitiative.ca\/International\/wp-json\/wp\/v2\/posts"}],"about":[{"href":"https:\/\/linitiative.ca\/International\/wp-json\/wp\/v2\/types\/post"}],"author":[{"embeddable":true,"href":"https:\/\/linitiative.ca\/International\/wp-json\/wp\/v2\/users\/1759"}],"replies":[{"embeddable":true,"href":"https:\/\/linitiative.ca\/International\/wp-json\/wp\/v2\/comments?post=151188"}],"version-history":[{"count":0,"href":"https:\/\/linitiative.ca\/International\/wp-json\/wp\/v2\/posts\/151188\/revisions"}],"wp:attachment":[{"href":"https:\/\/linitiative.ca\/International\/wp-json\/wp\/v2\/media?parent=151188"}],"wp:term":[{"taxonomy":"category","embeddable":true,"href":"https:\/\/linitiative.ca\/International\/wp-json\/wp\/v2\/categories?post=151188"},{"taxonomy":"post_tag","embeddable":true,"href":"https:\/\/linitiative.ca\/International\/wp-json\/wp\/v2\/tags?post=151188"}],"curies":[{"name":"wp","href":"https:\/\/api.w.org\/{rel}","templated":true}]}}