{"id":151211,"date":"2022-06-28T10:04:30","date_gmt":"2022-06-28T14:04:30","guid":{"rendered":"https:\/\/linitiative.ca\/International\/decision-inedite-en-droit-de-la-concurrence\/"},"modified":"2022-06-28T10:04:30","modified_gmt":"2022-06-28T14:04:30","slug":"decision-inedite-en-droit-de-la-concurrence","status":"publish","type":"post","link":"https:\/\/linitiative.ca\/International\/decision-inedite-en-droit-de-la-concurrence\/","title":{"rendered":"D\u00e9cision in\u00e9dite en droit de la concurrence"},"content":{"rendered":"<div>\n<div class=\"field field-name-body field-type-text-with-summary field-label-hidden\">\n<div class=\"field-items\">\n<div class=\"field-item even\" property=\"content:encoded\">\n<p class=\"rtejustify\">Le Conseil de la concurrence a pris une d\u00e9cision in\u00e9dite le 24 juin 2022 \u00e0 Rabat. Elle porte sur la r\u00e9gularisation des concentrations \u00e9conomiques non notifi\u00e9es et r\u00e9alis\u00e9es avant fin d\u00e9cembre 2021. Les contrevenants seront sanctionn\u00e9s \u00e0 hauteur de 1% de leur chiffre d\u2019affaires r\u00e9alis\u00e9 durant le dernier exercice et sans compter les taxes\u2026 Le pourcentage de la sanction est bas puisqu\u2019il peut atteindre les 5%.<\/p>\n<\/div>\n<\/div>\n<\/div>\n<\/div>\n<p>Auteur: mbasraoui<br \/>\n<a href=\"https:\/\/www.leconomiste.com\/flash-infos\/decision-inedite-en-droit-de-la-concurrence\">Cliquez ici pour lire l&rsquo;article depuis sa source.<\/a><\/p>\n","protected":false},"excerpt":{"rendered":"<p>Le Conseil de la concurrence a pris une d\u00e9cision in\u00e9dite le 24 juin 2022 \u00e0 Rabat. Elle porte sur la r\u00e9gularisation des concentrations \u00e9conomiques non notifi\u00e9es et r\u00e9alis\u00e9es avant fin d\u00e9cembre 2021. Les contrevenants seront sanctionn\u00e9s \u00e0 hauteur de 1% de leur chiffre d\u2019affaires r\u00e9alis\u00e9 durant le dernier exercice et sans compter les taxes\u2026 Le [&hellip;]<\/p>\n","protected":false},"author":1763,"featured_media":0,"comment_status":"closed","ping_status":"closed","sticky":false,"template":"","format":"standard","meta":{"fifu_image_url":"","fifu_image_alt":"","footnotes":""},"categories":[78,54],"tags":[],"class_list":["post-151211","post","type-post","status-publish","format-standard","hentry","category-economie","category-maroc"],"_links":{"self":[{"href":"https:\/\/linitiative.ca\/International\/wp-json\/wp\/v2\/posts\/151211","targetHints":{"allow":["GET"]}}],"collection":[{"href":"https:\/\/linitiative.ca\/International\/wp-json\/wp\/v2\/posts"}],"about":[{"href":"https:\/\/linitiative.ca\/International\/wp-json\/wp\/v2\/types\/post"}],"author":[{"embeddable":true,"href":"https:\/\/linitiative.ca\/International\/wp-json\/wp\/v2\/users\/1763"}],"replies":[{"embeddable":true,"href":"https:\/\/linitiative.ca\/International\/wp-json\/wp\/v2\/comments?post=151211"}],"version-history":[{"count":0,"href":"https:\/\/linitiative.ca\/International\/wp-json\/wp\/v2\/posts\/151211\/revisions"}],"wp:attachment":[{"href":"https:\/\/linitiative.ca\/International\/wp-json\/wp\/v2\/media?parent=151211"}],"wp:term":[{"taxonomy":"category","embeddable":true,"href":"https:\/\/linitiative.ca\/International\/wp-json\/wp\/v2\/categories?post=151211"},{"taxonomy":"post_tag","embeddable":true,"href":"https:\/\/linitiative.ca\/International\/wp-json\/wp\/v2\/tags?post=151211"}],"curies":[{"name":"wp","href":"https:\/\/api.w.org\/{rel}","templated":true}]}}